{"id":26134,"date":"2012-01-27T00:00:00","date_gmt":"2012-01-27T02:00:00","guid":{"rendered":"https:\/\/www.zecadirceu.com.br\/mda-lanca-livro-sobre-repressao-no-campo-no-regime-militar\/"},"modified":"2012-01-27T00:00:00","modified_gmt":"2012-01-27T02:00:00","slug":"mda-lanca-livro-sobre-repressao-no-campo-no-regime-militar","status":"publish","type":"post","link":"https:\/\/teste.bsb.br\/zeca\/mda-lanca-livro-sobre-repressao-no-campo-no-regime-militar\/","title":{"rendered":"MDA lan\u00e7a livro sobre repress\u00e3o no campo no regime militar"},"content":{"rendered":"<p>O Minist&eacute;rio do Desenvolvimento Agr&aacute;rio (MDA) marcar&aacute; presen&ccedil;a no  F&oacute;rum Social Tem&aacute;tico 2012 (FST), que come&ccedil;ou no dia 24 e vai at&eacute;&nbsp; 29  deste m&ecirc;s, em Porto Alegre, com o lan&ccedil;amento de dois livros.   As obras, patrocinadas pelo N&uacute;cleo de Estudos Agr&aacute;rios e Desenvolvimento  Rural (NEAD), do MDA, discutem temas que, de maneiras diferentes, est&atilde;o  relacionados &agrave; popula&ccedil;&atilde;o que vive no campo.<\/p>\n<p>O primeiro lan&ccedil;amento ocorre, hoje&nbsp; (27), &agrave;s 10h. O livro Retrato  da Repress&atilde;o Pol&iacute;tica no Campo &ndash; Brasil 1962-1985 &ndash; Camponeses  torturados, mortos e desaparecidos, fruto de parceria do NEAD com a  Secretaria de Direitos Humanos da Presid&ecirc;ncia da Rep&uacute;blica (SDH), conta a  hist&oacute;ria de trabalhadores e l&iacute;deres rurais que sofreram agress&otilde;es  durante o per&iacute;odo da ditadura militar no Brasil.<\/p>\n<p>A obra traz relatos de pessoas que testemunharam o per&iacute;odo, al&eacute;m de  informa&ccedil;&otilde;es de variadas fontes documentais, impressas e audiovisuais. De  autoria das jornalistas e antrop&oacute;logas Marta Cioccari e Ana Carneiro, o  livro &eacute; resultado de uma iniciativa do governo federal e mostra o  resultado das investiga&ccedil;&otilde;es conduzidas na &uacute;ltima d&eacute;cada pela Comiss&atilde;o  Especial sobre Mortos e Desaparecidos Pol&iacute;ticos.<\/p>\n<p>J&aacute; o livro Transg&ecirc;nicos para quem? Agricultura, Ci&ecirc;ncia, Sociedade,  ser&aacute; lan&ccedil;ado no dia seguinte (28). A obra foi organizada por Magda  Zanoni, bi&oacute;loga, soci&oacute;loga e pesquisadora do laborat&oacute;rio Dynamiques  Sociales et Recomposition des Espaces (Centro Nacional de Pesquisa  Cient&iacute;fica &#8211; CNRS, Fran&ccedil;a); e por Gilles Ferment, mestre em ecologia e  gest&atilde;o ambiental, e consultor do NEAD.<\/p>\n<p>Ferment participar&aacute; do lan&ccedil;amento em Porto Alegre. O livro re&uacute;ne  textos que discutem a quest&atilde;o dos transg&ecirc;nicos de diferentes pontos de  vista. A primeira parte da obra aborda as incertezas cient&iacute;ficas  relacionadas aos alimentos geneticamente modificados, tanto em rela&ccedil;&atilde;o a  sua intera&ccedil;&atilde;o com o meio ambiente, quanto a seus efeitos na sa&uacute;de  humana.<\/p>\n<p>A segunda parte da obra elenca os embates agron&ocirc;micos, ecol&oacute;gicos,  pol&iacute;ticos, institucionais, jur&iacute;dicos, econ&ocirc;micos e sociais em torno dos  transg&ecirc;nicos. O terceiro e &uacute;ltimo bloco disseca o papel da sociedade  civil no debate sobre o uso dos alimentos alterados geneticamente.<\/p>\n<p>Os organizadores buscaram trazer uma grande diversidade de pontos de  vista para a obra, ouvindo agricultores familiares, cientistas,  estudantes, associa&ccedil;&otilde;es, cooperados e ativistas. O objetivo era, segundo  eles, refletir acerca dos transg&ecirc;nicos, jogando luz sobre o tema e  discutindo a capacidade desses alimentos de resolver problemas  enfrentados pela agricultura familiar.<\/p>\n<p>Fonte:PT na C&acirc;mara<\/p>\n","protected":false},"excerpt":{"rendered":"<p>O Minist\u00e9rio do Desenvolvimento Agr\u00e1rio (MDA) marcar\u00e1 presen\u00e7a no F\u00f3rum Social Tem\u00e1tico 2012 (FST), que come\u00e7ou no dia 24 e vai at\u00e9  29 deste m\u00eas, em Porto Alegre, com o lan\u00e7amento de dois livros. As obras, patrocinadas pelo N\u00facleo de Estudos Agr\u00e1rios e Desenvolvimento Rural (NEAD), do MDA, discutem temas que, de maneiras diferentes, est\u00e3o relacionados \u00e0 popula\u00e7\u00e3o que vive no campo.<\/p>\n<p>O primeiro lan\u00e7amento ocorre hoje, (27), \u00e0s 10h. O livro Retrato da Repress\u00e3o Pol\u00edtica no Campo \u2013 Brasil 1962-1985 \u2013 Camponeses torturados, mortos e desaparecidos, fruto de parceria do NEAD com a Secretaria de Direitos Humanos da Presid\u00eancia da Rep\u00fablica (SDH), conta a hist\u00f3ria de trabalhadores e l\u00edderes rurais que sofreram agress\u00f5es durante o per\u00edodo da ditadura militar no Brasil<\/p>\n","protected":false},"author":1,"featured_media":26133,"comment_status":"open","ping_status":"open","sticky":false,"template":"","format":"standard","meta":{"footnotes":""},"categories":[1],"tags":[5783],"class_list":["post-26134","post","type-post","status-publish","format-standard","has-post-thumbnail","hentry","category-noticias-zeca-dirceu","tag-mda-lancara-livro-sobre-repressao-no-campo-no-regime-militar"],"_links":{"self":[{"href":"https:\/\/teste.bsb.br\/zeca\/wp-json\/wp\/v2\/posts\/26134","targetHints":{"allow":["GET"]}}],"collection":[{"href":"https:\/\/teste.bsb.br\/zeca\/wp-json\/wp\/v2\/posts"}],"about":[{"href":"https:\/\/teste.bsb.br\/zeca\/wp-json\/wp\/v2\/types\/post"}],"author":[{"embeddable":true,"href":"https:\/\/teste.bsb.br\/zeca\/wp-json\/wp\/v2\/users\/1"}],"replies":[{"embeddable":true,"href":"https:\/\/teste.bsb.br\/zeca\/wp-json\/wp\/v2\/comments?post=26134"}],"version-history":[{"count":0,"href":"https:\/\/teste.bsb.br\/zeca\/wp-json\/wp\/v2\/posts\/26134\/revisions"}],"wp:featuredmedia":[{"embeddable":true,"href":"https:\/\/teste.bsb.br\/zeca\/wp-json\/wp\/v2\/media\/26133"}],"wp:attachment":[{"href":"https:\/\/teste.bsb.br\/zeca\/wp-json\/wp\/v2\/media?parent=26134"}],"wp:term":[{"taxonomy":"category","embeddable":true,"href":"https:\/\/teste.bsb.br\/zeca\/wp-json\/wp\/v2\/categories?post=26134"},{"taxonomy":"post_tag","embeddable":true,"href":"https:\/\/teste.bsb.br\/zeca\/wp-json\/wp\/v2\/tags?post=26134"}],"curies":[{"name":"wp","href":"https:\/\/api.w.org\/{rel}","templated":true}]}}