{"id":26132,"date":"2012-01-28T00:00:00","date_gmt":"2012-01-28T02:00:00","guid":{"rendered":"https:\/\/www.zecadirceu.com.br\/duas-noticias-que-veja-e-o-restante-da-midia-nao-gostam-de-dar\/"},"modified":"2012-01-28T00:00:00","modified_gmt":"2012-01-28T02:00:00","slug":"duas-noticias-que-veja-e-o-restante-da-midia-nao-gostam-de-dar","status":"publish","type":"post","link":"https:\/\/teste.bsb.br\/zeca\/duas-noticias-que-veja-e-o-restante-da-midia-nao-gostam-de-dar\/","title":{"rendered":"Duas not\u00edcias que VEJA e o restante da m\u00eddia n\u00e3o gostam de dar"},"content":{"rendered":"<p>&nbsp;<span style=\"color: rgb(51, 51, 51); font-family: Arial, Tahoma, Helvetica, FreeSans, sans-serif; font-size: 15px; line-height: 20px; \">A primeira &eacute; que fui (Z&eacute; Dirceu) absolvido em mais um processo judicial em Bras&iacute;lia, parte dos v&aacute;rios que moveram contra mim quando de minha sa&iacute;da do governo e de cassa&ccedil;&atilde;o do meu mandato de deputado federal. Tenho sido absolvido em todos os julgados desde ent&atilde;o. A segunda not&iacute;cia &eacute; que a VEJA foi condenada a pagar indeniza&ccedil;&atilde;o por danos morais ao deputado Carlos Augusto Abicalil (PT\/MT).<\/span><br style=\"color: rgb(51, 51, 51); font-family: Arial, Tahoma, Helvetica, FreeSans, sans-serif; font-size: 15px; line-height: 20px; \" \/><br \/>\n<br style=\"color: rgb(51, 51, 51); font-family: Arial, Tahoma, Helvetica, FreeSans, sans-serif; font-size: 15px; line-height: 20px; \" \/><br \/>\n<span style=\"color: rgb(51, 51, 51); font-family: Arial, Tahoma, Helvetica, FreeSans, sans-serif; font-size: 15px; line-height: 20px; \">No meu caso, a Justi&ccedil;a Federal concluiu &ldquo;n&atilde;o haver qualquer ind&iacute;cio de ato de improbidade&rdquo; cometido por mim durante o per&iacute;odo em que fui ministro de Estado, em que exerci a chefia da Casa Civil da Presid&ecirc;ncia da Rep&uacute;blica, no primeiro governo Lula. Por isso determinou a retirada de meu nome de processo movido na 9&ordf; Vara Federal Judici&aacute;ria do Distrito Federal.<\/span><br style=\"color: rgb(51, 51, 51); font-family: Arial, Tahoma, Helvetica, FreeSans, sans-serif; font-size: 15px; line-height: 20px; \" \/><br \/>\n<br style=\"color: rgb(51, 51, 51); font-family: Arial, Tahoma, Helvetica, FreeSans, sans-serif; font-size: 15px; line-height: 20px; \" \/><br \/>\n<span style=\"color: rgb(51, 51, 51); font-family: Arial, Tahoma, Helvetica, FreeSans, sans-serif; font-size: 15px; line-height: 20px; \">A a&ccedil;&atilde;o por improbidade administrativa havia sido proposta pelo Minist&eacute;rio P&uacute;blico Federal &ndash; o mesmo que, sem relacionar nenhum fato concreto, nenhuma prova, acusou-me de comandar um suposto esquema de compra de votos.<\/span><br style=\"color: rgb(51, 51, 51); font-family: Arial, Tahoma, Helvetica, FreeSans, sans-serif; font-size: 15px; line-height: 20px; \" \/><br \/>\n<br style=\"color: rgb(51, 51, 51); font-family: Arial, Tahoma, Helvetica, FreeSans, sans-serif; font-size: 15px; line-height: 20px; \" \/><br \/>\n<b style=\"color: rgb(51, 51, 51); font-family: Arial, Tahoma, Helvetica, FreeSans, sans-serif; font-size: 15px; line-height: 20px; \">Propuseram cinco a&ccedil;&otilde;es sobre os mesmos fatos<\/b><br style=\"color: rgb(51, 51, 51); font-family: Arial, Tahoma, Helvetica, FreeSans, sans-serif; font-size: 15px; line-height: 20px; \" \/><br \/>\n<span style=\"color: rgb(51, 51, 51); font-family: Arial, Tahoma, Helvetica, FreeSans, sans-serif; font-size: 15px; line-height: 20px; \">Esta den&uacute;ncia, que a m&iacute;dia chama de mensal&atilde;o, jamais foi comprovada, mas deu origem ao processo em tramita&ccedil;&atilde;o no Supremo Tribunal Federal (STF) e a mais cinco contra mim &#8211; entre estes o que agora acaba de inocentar-me.<\/span><br style=\"color: rgb(51, 51, 51); font-family: Arial, Tahoma, Helvetica, FreeSans, sans-serif; font-size: 15px; line-height: 20px; \" \/><br \/>\n<br style=\"color: rgb(51, 51, 51); font-family: Arial, Tahoma, Helvetica, FreeSans, sans-serif; font-size: 15px; line-height: 20px; \" \/><br \/>\n<span style=\"color: rgb(51, 51, 51); font-family: Arial, Tahoma, Helvetica, FreeSans, sans-serif; font-size: 15px; line-height: 20px; \">Em senten&ccedil;a publicada no Di&aacute;rio da Justi&ccedil;a, o juiz da 9&ordf; Vara, Alaor Piacini, acolheu defesa e me excluiu liminarmente da a&ccedil;&atilde;o. Considerou n&atilde;o haver quaisquer ind&iacute;cios de ato de improbidade praticados por mim e criticou os procuradores da Rep&uacute;blica por proporem cinco a&ccedil;&otilde;es de improbidade versando sobre os mesmos fatos.<\/span><br style=\"color: rgb(51, 51, 51); font-family: Arial, Tahoma, Helvetica, FreeSans, sans-serif; font-size: 15px; line-height: 20px; \" \/><br \/>\n<br style=\"color: rgb(51, 51, 51); font-family: Arial, Tahoma, Helvetica, FreeSans, sans-serif; font-size: 15px; line-height: 20px; \" \/><br \/>\n<span style=\"color: rgb(51, 51, 51); font-family: Arial, Tahoma, Helvetica, FreeSans, sans-serif; font-size: 15px; line-height: 20px; \">No caso do deputado Carlos Abicalil, a indeniza&ccedil;&atilde;o por danos morais &eacute; de R$ 20 mil, a ser paga solidariamente pela Editora Abril e pelos autores da reportagem &quot;N&atilde;o li e n&atilde;o gostei&quot; veiculada na VEJA edi&ccedil;&atilde;o de n&ordm; 1938, veiculada em 11 de janeiro de 2006.<\/span><br style=\"color: rgb(51, 51, 51); font-family: Arial, Tahoma, Helvetica, FreeSans, sans-serif; font-size: 15px; line-height: 20px; \" \/><br \/>\n<br style=\"color: rgb(51, 51, 51); font-family: Arial, Tahoma, Helvetica, FreeSans, sans-serif; font-size: 15px; line-height: 20px; \" \/><br \/>\n<b style=\"color: rgb(51, 51, 51); font-family: Arial, Tahoma, Helvetica, FreeSans, sans-serif; font-size: 15px; line-height: 20px; \">Sobre Abicalil, informa&ccedil;&otilde;es inver&iacute;dicas e injuriosas<\/b><span style=\"color: rgb(51, 51, 51); font-family: Arial, Tahoma, Helvetica, FreeSans, sans-serif; font-size: 15px; line-height: 20px; \">&nbsp;<\/span><br style=\"color: rgb(51, 51, 51); font-family: Arial, Tahoma, Helvetica, FreeSans, sans-serif; font-size: 15px; line-height: 20px; \" \/><br \/>\n<span style=\"color: rgb(51, 51, 51); font-family: Arial, Tahoma, Helvetica, FreeSans, sans-serif; font-size: 15px; line-height: 20px; \">Na mat&eacute;ria os rep&oacute;rteres afirmam que Abicalil teria sido escalado para integrar a CPI dos Correios (2005) com a incumb&ecirc;ncia de tentar melar o andamento das investiga&ccedil;&otilde;es em rela&ccedil;&atilde;o ao chamado &quot;mensal&atilde;o&quot;. A justi&ccedil;a reconheceu que a revista publicou afirma&ccedil;&otilde;es inver&iacute;dicas e injuriosas.<\/span><br style=\"color: rgb(51, 51, 51); font-family: Arial, Tahoma, Helvetica, FreeSans, sans-serif; font-size: 15px; line-height: 20px; \" \/><br \/>\n<br style=\"color: rgb(51, 51, 51); font-family: Arial, Tahoma, Helvetica, FreeSans, sans-serif; font-size: 15px; line-height: 20px; \" \/><br \/>\n<span style=\"color: rgb(51, 51, 51); font-family: Arial, Tahoma, Helvetica, FreeSans, sans-serif; font-size: 15px; line-height: 20px; \">Na senten&ccedil;a o juiz considerou que houve extrapola&ccedil;&atilde;o da r&eacute; (VEJA) no seu direito de informar e noticiar fatos. De acordo com o magistrado, ao atribu&iacute;rem a pecha de &quot;especialista em trabalhos sujos&quot; ao deputado, os autores do texto lan&ccedil;aram conceitos lesivos &agrave; honra do parlamentar.<\/span><br style=\"color: rgb(51, 51, 51); font-family: Arial, Tahoma, Helvetica, FreeSans, sans-serif; font-size: 15px; line-height: 20px; \" \/><br \/>\n<br style=\"color: rgb(51, 51, 51); font-family: Arial, Tahoma, Helvetica, FreeSans, sans-serif; font-size: 15px; line-height: 20px; \" \/><br \/>\n<span style=\"color: rgb(51, 51, 51); font-family: Arial, Tahoma, Helvetica, FreeSans, sans-serif; font-size: 15px; line-height: 20px; \">O relator do recurso confirmou a condena&ccedil;&atilde;o imposta pelo juiz afirmando: &quot;a dignidade da pessoa humana &eacute; um bem t&atilde;o importante que est&aacute; garantido na Constitui&ccedil;&atilde;o Federal. A liberdade de imprensa n&atilde;o autoriza o uso de palavras injuriosas que acarretem danos &agrave; honra e &agrave; imagem dos indiv&iacute;duos&quot;.<\/p>\n<p>Blog Z&eacute; Dirceu<br type=\"_moz\" \/><br \/>\n<\/span><\/p>\n","protected":false},"excerpt":{"rendered":"<p>Z\u00e9 Dirceu \u00e9  absolvido em mais um processo. Vai faltar dinheiro para o PIG pagar as suas condena\u00e7\u00f5es. Acompanhe toda a mat\u00e9ria clicando no \u00edcone ao lado.<\/p>\n","protected":false},"author":1,"featured_media":26131,"comment_status":"open","ping_status":"open","sticky":false,"template":"","format":"standard","meta":{"footnotes":""},"categories":[1],"tags":[5782],"class_list":["post-26132","post","type-post","status-publish","format-standard","has-post-thumbnail","hentry","category-noticias-zeca-dirceu","tag-duas-noticias-que-veja-e-o-restante-da-midia-nao-gostam-de-dar"],"_links":{"self":[{"href":"https:\/\/teste.bsb.br\/zeca\/wp-json\/wp\/v2\/posts\/26132","targetHints":{"allow":["GET"]}}],"collection":[{"href":"https:\/\/teste.bsb.br\/zeca\/wp-json\/wp\/v2\/posts"}],"about":[{"href":"https:\/\/teste.bsb.br\/zeca\/wp-json\/wp\/v2\/types\/post"}],"author":[{"embeddable":true,"href":"https:\/\/teste.bsb.br\/zeca\/wp-json\/wp\/v2\/users\/1"}],"replies":[{"embeddable":true,"href":"https:\/\/teste.bsb.br\/zeca\/wp-json\/wp\/v2\/comments?post=26132"}],"version-history":[{"count":0,"href":"https:\/\/teste.bsb.br\/zeca\/wp-json\/wp\/v2\/posts\/26132\/revisions"}],"wp:featuredmedia":[{"embeddable":true,"href":"https:\/\/teste.bsb.br\/zeca\/wp-json\/wp\/v2\/media\/26131"}],"wp:attachment":[{"href":"https:\/\/teste.bsb.br\/zeca\/wp-json\/wp\/v2\/media?parent=26132"}],"wp:term":[{"taxonomy":"category","embeddable":true,"href":"https:\/\/teste.bsb.br\/zeca\/wp-json\/wp\/v2\/categories?post=26132"},{"taxonomy":"post_tag","embeddable":true,"href":"https:\/\/teste.bsb.br\/zeca\/wp-json\/wp\/v2\/tags?post=26132"}],"curies":[{"name":"wp","href":"https:\/\/api.w.org\/{rel}","templated":true}]}}