{"id":26126,"date":"2012-01-29T00:00:00","date_gmt":"2012-01-29T02:00:00","guid":{"rendered":"https:\/\/www.zecadirceu.com.br\/brasil-inicia-capacitacao-em-defesa-civil-em-parceria-com-banco-mundial-e-cepal\/"},"modified":"2012-01-29T00:00:00","modified_gmt":"2012-01-29T02:00:00","slug":"brasil-inicia-capacitacao-em-defesa-civil-em-parceria-com-banco-mundial-e-cepal","status":"publish","type":"post","link":"https:\/\/teste.bsb.br\/zeca\/brasil-inicia-capacitacao-em-defesa-civil-em-parceria-com-banco-mundial-e-cepal\/","title":{"rendered":"Brasil inicia capacita\u00e7\u00e3o em defesa civil em parceria com Banco Mundial e Cepal"},"content":{"rendered":"<p>&nbsp;<span style=\"color: rgb(41, 41, 41); font-family: Arial, Helvetica, sans-serif; line-height: 19px; \">Come&ccedil;a na pr&oacute;xima segunda-feira (30), e prossegue at&eacute; 1o de fevereiro, a primeira edi&ccedil;&atilde;o do Treinamento de Avalia&ccedil;&atilde;o de Perdas e Danos por Desastres &ndash; Metodologia DaLa,&nbsp; desenvolvida pela Comiss&atilde;o Econ&ocirc;mica para a Am&eacute;rica Latina e o Caribe (Cepal). O objetivo &eacute; implantar a nova metodologia para avaliar perdas e danos para cidades brasileiras ap&oacute;s a ocorr&ecirc;ncia de desastres naturais.<\/span><span style=\"color: rgb(41, 41, 41); font-family: Arial, Helvetica, sans-serif; line-height: 19px; \">&nbsp;<\/span><\/p>\n<p class=\"first-child\" style=\"margin-top: 0px; margin-right: 0px; margin-bottom: 1em; margin-left: 0px; padding-top: 0px; padding-right: 0px; padding-bottom: 0px; padding-left: 0px; color: rgb(41, 41, 41); font-family: Arial, Helvetica, sans-serif; line-height: 19px; \"><br style=\"margin-top: 0px; margin-right: 0px; margin-bottom: 0px; margin-left: 0px; padding-top: 0px; padding-right: 0px; padding-bottom: 0px; padding-left: 0px; \" \/><br \/>\nO treinamento ser&aacute; realizado pela Secretaria Nacional de Defesa Civil (Sedec), em parceria com o Banco Mundial (Bird) e a Cepal. As primeiras edi&ccedil;&otilde;es do Treinamento de Avalia&ccedil;&atilde;o de Perdas e Danos por Desastres &ndash; Metodologia DaLa ser&atilde;o realizadas em Recife (PE) e em Florian&oacute;polis (SC).&nbsp;<br style=\"margin-top: 0px; margin-right: 0px; margin-bottom: 0px; margin-left: 0px; padding-top: 0px; padding-right: 0px; padding-bottom: 0px; padding-left: 0px; \" \/><br \/>\n<br style=\"margin-top: 0px; margin-right: 0px; margin-bottom: 0px; margin-left: 0px; padding-top: 0px; padding-right: 0px; padding-bottom: 0px; padding-left: 0px; \" \/><br \/>\nA a&ccedil;&atilde;o vai capacitar profissionais dos governos estaduais que atuam na recupera&ccedil;&atilde;o de desastres, como os setores de planejamento, infraestrutura, agricultura, al&eacute;m da pr&oacute;pria defesa civil, com o objetivo de dimensionar para calcular, de maneira eficaz, os preju&iacute;zos econ&ocirc;micos, perdas e danos em regi&otilde;es afetadas. Al&eacute;m de permitir o aperfei&ccedil;oamento t&eacute;cnico dos participantes, o tema vai contribuir diretamente com estrat&eacute;gias para elabora&ccedil;&atilde;o dos planos de resposta e reconstru&ccedil;&atilde;o.&nbsp;<br style=\"margin-top: 0px; margin-right: 0px; margin-bottom: 0px; margin-left: 0px; padding-top: 0px; padding-right: 0px; padding-bottom: 0px; padding-left: 0px; \" \/><br \/>\n<br style=\"margin-top: 0px; margin-right: 0px; margin-bottom: 0px; margin-left: 0px; padding-top: 0px; padding-right: 0px; padding-bottom: 0px; padding-left: 0px; \" \/><br \/>\nA primeira edi&ccedil;&atilde;o do treinamento come&ccedil;a na segunda-feira, em Recife, para profissionais do Nordeste. A segunda turma est&aacute; programada para o per&iacute;odo de 6 a 8 de fevereiro, em Florian&oacute;polis, e atender&aacute; a demanda das regi&otilde;es Sul e Sudeste. As turmas devem receber cerca de 100 participantes.&nbsp;<br style=\"margin-top: 0px; margin-right: 0px; margin-bottom: 0px; margin-left: 0px; padding-top: 0px; padding-right: 0px; padding-bottom: 0px; padding-left: 0px; \" \/><br \/>\n<br class=\"last-child\" style=\"margin-top: 0px; margin-right: 0px; margin-bottom: 0px; margin-left: 0px; padding-top: 0px; padding-right: 0px; padding-bottom: 0px; padding-left: 0px; \" \/><br \/>\nEstes treinamentos representam o passo inicial da Sedec para um ciclo cont&iacute;nuo de a&ccedil;&otilde;es com o objetivo de ressaltar a import&acirc;ncia e a abrang&ecirc;ncia dos processos de avalia&ccedil;&atilde;o de riscos e desastres no Pa&iacute;s.<\/p>\n<p class=\"last-child\" style=\"margin-top: 0px; margin-right: 0px; margin-bottom: 1em; margin-left: 0px; padding-top: 0px; padding-right: 0px; padding-bottom: 0px; padding-left: 0px; color: rgb(41, 41, 41); font-family: Arial, Helvetica, sans-serif; line-height: 19px; \">Fonte:&nbsp;<a class=\"external-link first-child last-child\" href=\"http:\/\/www.integracao.gov.br\/noticias\/-\/asset_publisher\/xW1t\/content\/banco-mundial-e-cepal-promovem-capacitacao-em-defesa-civil?redirect=http%3A%2F%2Fwww.integracao.gov.br%2Fnoticias%3Fp_p_id%3D101_INSTANCE_xW1t%26p_p_lifecycle%3D0%26p_p_state%3Dnormal%26p_p_mode%3Dview%26p_p_col_id%3Dcolumn-3%26p_p_col_pos%3D3%26p_p_col_count%3D4\" target=\"_blank\" style=\"margin-top: 0px; margin-right: 0px; margin-bottom: 0px; margin-left: 0px; padding-top: 0px; padding-right: 0px; padding-bottom: 0px; padding-left: 0px; outline-style: none; outline-width: initial; outline-color: initial; text-decoration: none; color: rgb(66, 117, 151); border-bottom-width: 0.1em; border-bottom-style: solid; border-bottom-color: rgb(204, 204, 204); \">Minist&eacute;rio da Integra&ccedil;&atilde;o Nacional<\/a><\/p>\n","protected":false},"excerpt":{"rendered":"<p>Come\u00e7a na pr\u00f3xima segunda-feira (30), e prossegue at\u00e9 1o de fevereiro, a primeira edi\u00e7\u00e3o do Treinamento de Avalia\u00e7\u00e3o de Perdas e Danos por Desastres \u2013 Metodologia DaLa,  desenvolvida pela Comiss\u00e3o Econ\u00f4mica para a Am\u00e9rica Latina e o Caribe (Cepal). O objetivo \u00e9 implantar a nova metodologia para avaliar perdas e danos para cidades brasileiras ap\u00f3s a ocorr\u00eancia de desastres naturais.<\/p>\n","protected":false},"author":1,"featured_media":26125,"comment_status":"open","ping_status":"open","sticky":false,"template":"","format":"standard","meta":{"footnotes":""},"categories":[1],"tags":[5779],"class_list":["post-26126","post","type-post","status-publish","format-standard","has-post-thumbnail","hentry","category-noticias-zeca-dirceu","tag-brasil-inicia-capacitacao-em-defesa-civil-em-parceria-com-banco-mundial-e-cepal"],"_links":{"self":[{"href":"https:\/\/teste.bsb.br\/zeca\/wp-json\/wp\/v2\/posts\/26126","targetHints":{"allow":["GET"]}}],"collection":[{"href":"https:\/\/teste.bsb.br\/zeca\/wp-json\/wp\/v2\/posts"}],"about":[{"href":"https:\/\/teste.bsb.br\/zeca\/wp-json\/wp\/v2\/types\/post"}],"author":[{"embeddable":true,"href":"https:\/\/teste.bsb.br\/zeca\/wp-json\/wp\/v2\/users\/1"}],"replies":[{"embeddable":true,"href":"https:\/\/teste.bsb.br\/zeca\/wp-json\/wp\/v2\/comments?post=26126"}],"version-history":[{"count":0,"href":"https:\/\/teste.bsb.br\/zeca\/wp-json\/wp\/v2\/posts\/26126\/revisions"}],"wp:featuredmedia":[{"embeddable":true,"href":"https:\/\/teste.bsb.br\/zeca\/wp-json\/wp\/v2\/media\/26125"}],"wp:attachment":[{"href":"https:\/\/teste.bsb.br\/zeca\/wp-json\/wp\/v2\/media?parent=26126"}],"wp:term":[{"taxonomy":"category","embeddable":true,"href":"https:\/\/teste.bsb.br\/zeca\/wp-json\/wp\/v2\/categories?post=26126"},{"taxonomy":"post_tag","embeddable":true,"href":"https:\/\/teste.bsb.br\/zeca\/wp-json\/wp\/v2\/tags?post=26126"}],"curies":[{"name":"wp","href":"https:\/\/api.w.org\/{rel}","templated":true}]}}