{"id":26120,"date":"2012-01-29T00:00:00","date_gmt":"2012-01-29T02:00:00","guid":{"rendered":"https:\/\/www.zecadirceu.com.br\/estrada-boiadeira-e-prioridade-em-2012-afirma-zeca-dirceu\/"},"modified":"2012-01-29T00:00:00","modified_gmt":"2012-01-29T02:00:00","slug":"estrada-boiadeira-e-prioridade-em-2012-afirma-zeca-dirceu","status":"publish","type":"post","link":"https:\/\/teste.bsb.br\/zeca\/estrada-boiadeira-e-prioridade-em-2012-afirma-zeca-dirceu\/","title":{"rendered":"\u201cEstrada Boiadeira \u00e9 prioridade em 2012\u201d, afirma Zeca Dirceu"},"content":{"rendered":"<p>&nbsp;<span style=\"font-family: arial, sans-serif; font-size: 13px; text-align: justify; \">Com o in&iacute;cio das atividades parlamentares na C&acirc;mara dos Deputados, o deputado Zeca Dirceu (PT), afirmou que uma de suas prioridades &eacute; a situa&ccedil;&atilde;o da BR-487, conhecida como Estrada Boiadeira. Para o parlamentar as negocia&ccedil;&otilde;es est&atilde;o em andamento e &eacute; esperada a retomada das obras ainda neste primeiro semestre de 2012. Com a completa pavimenta&ccedil;&atilde;o da rodovia, o Paran&aacute; passar&aacute; a contar com o chamado Corredor Setentrional de Exporta&ccedil;&atilde;o, respons&aacute;vel pelo escoamento de uma parte substancial da soja produzida no Paran&aacute; e no Estado do Mato Grosso ao porto de Paranagu&aacute;. O assunto que teve v&aacute;rios desfechos positivos em 2011 &eacute; retomado como pauta priorit&aacute;ria j&aacute; nos primeiros dias do ano.<\/span><\/p>\n<p class=\"MsoNormal\" style=\"margin-top: 0px; margin-right: 0px; margin-bottom: 0px; margin-left: 0px; font-family: arial, sans-serif; font-size: 13px; text-align: justify; \">&nbsp;<\/p>\n<p class=\"MsoNormal\" style=\"margin-top: 0px; margin-right: 0px; margin-bottom: 0px; margin-left: 0px; font-family: arial, sans-serif; font-size: 13px; text-align: justify; \">O deputado federal Zeca Dirceu lembrou que no ano passado (2011) houve uma grande mobiliza&ccedil;&atilde;o por parte dos ministros paranaenses Gleisi Hoffmann, da Casa Civil, e Paulo Bernardo, das Comunica&ccedil;&otilde;es, e de toda a bancada paranaense na C&acirc;mara, al&eacute;m de prefeitos de toda regi&atilde;o, que buscam uma finaliza&ccedil;&atilde;o das negocia&ccedil;&otilde;es para o desdobramento das tratativas com o Governo Federal e DNIT &ndash; PR, para que as obras sejam retomadas. &ldquo;Os esfor&ccedil;os v&ecirc;m sendo somados e vamos retomar o assunto at&eacute; que ele seja conclu&iacute;do. Esperamos uma not&iacute;cia positiva, ainda neste in&iacute;cio de retomada das atividades, em Bras&iacute;lia. Quando a obra sair ser&aacute; uma conquista coletiva, &eacute; muito bom saber que lutamos em equipe para que o Paran&aacute; seja lembrado e suas necessidades atendidas&rdquo;, explicou o deputado.<\/p>\n<p class=\"MsoNormal\" style=\"margin-top: 0px; margin-right: 0px; margin-bottom: 0px; margin-left: 0px; font-family: arial, sans-serif; font-size: 13px; text-align: justify; \">&nbsp;<\/p>\n<p class=\"MsoNormal\" style=\"margin-top: 0px; margin-right: 0px; margin-bottom: 0px; margin-left: 0px; font-family: arial, sans-serif; font-size: 13px; text-align: justify; \">Em agosto de 2011 o deputado participou de uma audi&ecirc;ncia com o Ministro dos Transportes, Paulo Passos, onde entregou um relat&oacute;rio da ent&atilde;o situa&ccedil;&atilde;o da BR- 487, na ocasi&atilde;o a aprova&ccedil;&atilde;o das retomadas das obras foram suspensas. Em setembro (2011), uma comitiva formada por seis deputados federais e representantes do Tribunal de Contas da Uni&atilde;o, Aeron&aacute;utica e Departamento Nacional de Infraestrutura de Transportes (DNIT), conhecida como Subcomiss&atilde;o Permanente de Acompanhamento, Fiscaliza&ccedil;&atilde;o e Controle da Execu&ccedil;&atilde;o Or&ccedil;ament&aacute;ria e Financeira e das obras do Programa de Acelera&ccedil;&atilde;o do Crescimento (PAC) e do Programa Minha Casa Minha Vida (PMCMV), estiveram na regi&atilde;o Noroeste do Paran&aacute; para avaliar a urg&ecirc;ncia das obras na Estrada Boiadeira, e tamb&eacute;m, o Contorno Norte de Maring&aacute;. O deputado federal Zeca Dirceu foi convidado, pela comitiva, a acompanhar a vistoria, al&eacute;m de deputados estaduais e prefeitos da regi&atilde;o. A comitiva percorreu parte do trecho inacabado da Boiadeira, com extens&atilde;o de 18,7 quil&ocirc;metros entre Tuneiras do Oeste e Cruzeiro do Oeste.<\/p>\n<p class=\"MsoNormal\" style=\"margin-top: 0px; margin-right: 0px; margin-bottom: 0px; margin-left: 0px; font-family: arial, sans-serif; font-size: 13px; text-align: justify; \">&nbsp;<\/p>\n<p class=\"MsoNormal\" style=\"margin-top: 0px; margin-right: 0px; margin-bottom: 0px; margin-left: 0px; font-family: arial, sans-serif; font-size: 13px; text-align: justify; \">As obras, da Estrada Boiadeira, come&ccedil;aram em 1986 e est&aacute; paralisada desde 2003, devido irregularidades no processo de licita&ccedil;&atilde;o. Por&eacute;m, voltou aos planos do Governo Federal em 2011 e consta na rela&ccedil;&atilde;o de obras do Plano de Acelera&ccedil;&atilde;o do Crescimento (PAC) 2. &ldquo;Agora em 2012 vamos ver o desfecho desta hist&oacute;ria. Essa &eacute; minha luta, e de muitos que esperam visualizar a conclus&atilde;o destas obras, que duram mais de um s&eacute;culo&rdquo;, ressaltou Zeca Dirceu.<\/p>\n<p class=\"MsoNormal\" style=\"margin-top: 0px; margin-right: 0px; margin-bottom: 0px; margin-left: 0px; font-family: arial, sans-serif; font-size: 13px; text-align: justify; \">&nbsp;<\/p>\n<p class=\"MsoNormal\" style=\"margin-top: 0px; margin-right: 0px; margin-bottom: 0px; margin-left: 0px; font-family: arial, sans-serif; font-size: 13px; text-align: justify; \">Com a completa pavimenta&ccedil;&atilde;o da rodovia, o Paran&aacute; passar&aacute; a contar com o chamado Corredor Setentrional de Exporta&ccedil;&atilde;o, respons&aacute;vel pelo escoamento de uma parte substancial da soja produzida no estado do Mato Grosso ao porto de Paranagu&aacute;. &ldquo;Com isso iremos fortalecer a economia de v&aacute;rios munic&iacute;pios, onde a BR-487 passa, atrav&eacute;s da gera&ccedil;&atilde;o de empregos, movimenta&ccedil;&atilde;o na atividade comercial e valoriza&ccedil;&atilde;o de &aacute;reas rurais, al&eacute;m do desafogamento de caminh&otilde;es na PR -323&rdquo;, explicou Zeca Dirceu.<\/p>\n<p class=\"MsoNormal\" style=\"margin-top: 0px; margin-right: 0px; margin-bottom: 0px; margin-left: 0px; font-family: arial, sans-serif; font-size: 13px; text-align: justify; \">&nbsp;<\/p>\n<p class=\"MsoNormal\" style=\"margin-top: 0px; margin-right: 0px; margin-bottom: 0px; margin-left: 0px; font-family: arial, sans-serif; font-size: 13px; text-align: justify; \">Para finalizar o deputado Zeca Dirceu, tamb&eacute;m, lembrou de mais uma estrada que precisa de aten&ccedil;&atilde;o a BR-158, que j&aacute; possui licita&ccedil;&atilde;o para a pavimenta&ccedil;&atilde;o dos quatro lotes e os encaminhamentos burocr&aacute;ticos j&aacute; est&atilde;o em processo de finaliza&ccedil;&atilde;o. &ldquo;A BR-158 n&atilde;o est&aacute; esquecida, esta &eacute; outra que vamos estar atentos a todas as resolu&ccedil;&otilde;es para que seja finalizada&rdquo;, concluiu o deputado.<\/p>\n<p class=\"MsoNormal\" style=\"margin-top: 0px; margin-right: 0px; margin-bottom: 0px; margin-left: 0px; font-family: arial, sans-serif; font-size: 13px; text-align: justify; \">&nbsp;<\/p>\n<p class=\"MsoNormal\" style=\"margin-top: 0px; margin-right: 0px; margin-bottom: 0px; margin-left: 0px; font-family: arial, sans-serif; font-size: 13px; text-align: justify; \">O parlamentar, que tamb&eacute;m &eacute; titular da Comiss&atilde;o de Via&ccedil;&atilde;o e Transportes da C&acirc;mara Federal, est&aacute; otimista e disse que seus esfor&ccedil;os est&atilde;o voltados em prol das rodovias paranaenses.<\/p>\n<p class=\"MsoNormal\" style=\"margin-top: 0px; margin-right: 0px; margin-bottom: 0px; margin-left: 0px; font-family: arial, sans-serif; font-size: 13px; text-align: justify; \"><b><br \/>\n<\/b><\/p>\n<p class=\"MsoNormal\" style=\"margin-top: 0px; margin-right: 0px; margin-bottom: 0px; margin-left: 0px; font-family: arial, sans-serif; font-size: 13px; text-align: justify; \"><b>Extens&atilde;o da Estrada Boiadeira<\/b><\/p>\n<p class=\"MsoNormal\" style=\"margin-top: 0px; margin-right: 0px; margin-bottom: 0px; margin-left: 0px; font-family: arial, sans-serif; font-size: 13px; text-align: justify; \"><b><br \/>\n<\/b><\/p>\n<p class=\"MsoNormal\" style=\"margin-top: 0px; margin-right: 0px; margin-bottom: 0px; margin-left: 0px; font-family: arial, sans-serif; font-size: 13px; text-align: justify; \">O Lote 3 vai de Cruzeiro do Oeste a Tuneiras do Oeste, numa extens&atilde;o de 18,7 quil&ocirc;metros, a pavimenta&ccedil;&atilde;o total da Estrada Boiadeira compreende mais tr&ecirc;s lotes. O Lote 2, entre Nova Bras&iacute;lia e Tuneiras do Oeste, possui 20 quil&ocirc;metros, e os lotes 1A e 2A, que correspondem ao trecho entre Cruzeiro do Oeste e Porto Camargo, somam mais 86 quil&ocirc;metros.<\/p>\n<p><br class=\"Apple-interchange-newline\" \/><\/p>\n","protected":false},"excerpt":{"rendered":"<p>Com o in\u00edcio das atividades parlamentares na C\u00e2mara dos Deputados, o deputado Zeca Dirceu (PT), afirmou que uma de suas prioridades \u00e9 a situa\u00e7\u00e3o da BR-487, conhecida como Estrada Boiadeira. Para o parlamentar as negocia\u00e7\u00f5es est\u00e3o em andamento e \u00e9 esperada a retomada das obras ainda neste primeiro semestre de 2012. Com a completa pavimenta\u00e7\u00e3o da rodovia, o Paran\u00e1 passar\u00e1 a contar com o chamado Corredor Setentrional de Exporta\u00e7\u00e3o, respons\u00e1vel pelo escoamento de uma parte substancial da soja produzida no Paran\u00e1 e no Estado do Mato Grosso ao porto de Paranagu\u00e1. O assunto que teve v\u00e1rios desfechos positivos em 2011 \u00e9 retomado como pauta priorit\u00e1ria j\u00e1 nos primeiros dias do ano.<\/p>\n","protected":false},"author":1,"featured_media":26119,"comment_status":"open","ping_status":"open","sticky":false,"template":"","format":"standard","meta":{"footnotes":""},"categories":[1],"tags":[5776,5777],"class_list":["post-26120","post","type-post","status-publish","format-standard","has-post-thumbnail","hentry","category-noticias-zeca-dirceu","tag-estrada-boiadeira-e-prioridade-em-2012","tag-afirma-zeca-dirceu"],"_links":{"self":[{"href":"https:\/\/teste.bsb.br\/zeca\/wp-json\/wp\/v2\/posts\/26120","targetHints":{"allow":["GET"]}}],"collection":[{"href":"https:\/\/teste.bsb.br\/zeca\/wp-json\/wp\/v2\/posts"}],"about":[{"href":"https:\/\/teste.bsb.br\/zeca\/wp-json\/wp\/v2\/types\/post"}],"author":[{"embeddable":true,"href":"https:\/\/teste.bsb.br\/zeca\/wp-json\/wp\/v2\/users\/1"}],"replies":[{"embeddable":true,"href":"https:\/\/teste.bsb.br\/zeca\/wp-json\/wp\/v2\/comments?post=26120"}],"version-history":[{"count":0,"href":"https:\/\/teste.bsb.br\/zeca\/wp-json\/wp\/v2\/posts\/26120\/revisions"}],"wp:featuredmedia":[{"embeddable":true,"href":"https:\/\/teste.bsb.br\/zeca\/wp-json\/wp\/v2\/media\/26119"}],"wp:attachment":[{"href":"https:\/\/teste.bsb.br\/zeca\/wp-json\/wp\/v2\/media?parent=26120"}],"wp:term":[{"taxonomy":"category","embeddable":true,"href":"https:\/\/teste.bsb.br\/zeca\/wp-json\/wp\/v2\/categories?post=26120"},{"taxonomy":"post_tag","embeddable":true,"href":"https:\/\/teste.bsb.br\/zeca\/wp-json\/wp\/v2\/tags?post=26120"}],"curies":[{"name":"wp","href":"https:\/\/api.w.org\/{rel}","templated":true}]}}