{"id":26096,"date":"2012-01-30T00:00:00","date_gmt":"2012-01-30T02:00:00","guid":{"rendered":"https:\/\/www.zecadirceu.com.br\/nota-de-pesar-deputado-federal-moacir-micheletto\/"},"modified":"2012-01-30T00:00:00","modified_gmt":"2012-01-30T02:00:00","slug":"nota-de-pesar-deputado-federal-moacir-micheletto","status":"publish","type":"post","link":"https:\/\/teste.bsb.br\/zeca\/nota-de-pesar-deputado-federal-moacir-micheletto\/","title":{"rendered":"Nota de pesar: Deputado Federal Moacir Micheletto"},"content":{"rendered":"<p>&nbsp;Faleceu na tarde de hoje (30) em acidente de carro, o deputado federal Moacir Micheletto (PMDB-PR). Deixo registradas aqui meus p&ecirc;sames &agrave; fam&iacute;lia, aos amigos e aos correligion&aacute;rios do parlamentar.<\/p>\n<div>&nbsp;<\/div>\n<div>Micheletto nasceu em Xanx&ecirc;re SC, em 1942 e chegou ao Paran&aacute; em 1968.&nbsp;Ao longo de sua carreira, o parlamentar exerceu cargos como: &nbsp;Diretor Superintendente da Campo &ndash; Companhia de Promo&ccedil;&atilde;o Agr&iacute;cola, em Bras&iacute;lia DF; Presidente, Comiss&atilde;o Nacional de Gr&atilde;os e Fibras na CNA &ndash; Confedera&ccedil;&atilde;o Nacional da Agricultura, 1993-1996, 1999; Presidente, Sindicato Rural de Assis Chateaubriand,1983-1992; Vice &#8211; Presidente da FAEP &ndash; Federa&ccedil;&atilde;o da Agricultura do Estado do Paran&aacute;, 1993-1999. Estava em seu sexto mandato de deputado federal.<\/div>\n","protected":false},"excerpt":{"rendered":"<p>Faleceu na tarde de hoje (30) em acidente de carro, o deputado federal Moacir Micheletto (PMDB-PR). Deixo registradas aqui meus p\u00easames \u00e0 fam\u00edlia, aos amigos e aos correligion\u00e1rios do parlamentar.<\/p>\n","protected":false},"author":1,"featured_media":26095,"comment_status":"open","ping_status":"open","sticky":false,"template":"","format":"standard","meta":{"footnotes":""},"categories":[1],"tags":[5764,5763],"class_list":["post-26096","post","type-post","status-publish","format-standard","has-post-thumbnail","hentry","category-noticias-zeca-dirceu","tag-micheletto","tag-nota-de-pesar"],"_links":{"self":[{"href":"https:\/\/teste.bsb.br\/zeca\/wp-json\/wp\/v2\/posts\/26096","targetHints":{"allow":["GET"]}}],"collection":[{"href":"https:\/\/teste.bsb.br\/zeca\/wp-json\/wp\/v2\/posts"}],"about":[{"href":"https:\/\/teste.bsb.br\/zeca\/wp-json\/wp\/v2\/types\/post"}],"author":[{"embeddable":true,"href":"https:\/\/teste.bsb.br\/zeca\/wp-json\/wp\/v2\/users\/1"}],"replies":[{"embeddable":true,"href":"https:\/\/teste.bsb.br\/zeca\/wp-json\/wp\/v2\/comments?post=26096"}],"version-history":[{"count":0,"href":"https:\/\/teste.bsb.br\/zeca\/wp-json\/wp\/v2\/posts\/26096\/revisions"}],"wp:featuredmedia":[{"embeddable":true,"href":"https:\/\/teste.bsb.br\/zeca\/wp-json\/wp\/v2\/media\/26095"}],"wp:attachment":[{"href":"https:\/\/teste.bsb.br\/zeca\/wp-json\/wp\/v2\/media?parent=26096"}],"wp:term":[{"taxonomy":"category","embeddable":true,"href":"https:\/\/teste.bsb.br\/zeca\/wp-json\/wp\/v2\/categories?post=26096"},{"taxonomy":"post_tag","embeddable":true,"href":"https:\/\/teste.bsb.br\/zeca\/wp-json\/wp\/v2\/tags?post=26096"}],"curies":[{"name":"wp","href":"https:\/\/api.w.org\/{rel}","templated":true}]}}