{"id":26092,"date":"2012-01-31T00:00:00","date_gmt":"2012-01-31T02:00:00","guid":{"rendered":"https:\/\/www.zecadirceu.com.br\/saude-aplica-antirrabica-em-caes-e-gatos\/"},"modified":"2012-01-31T00:00:00","modified_gmt":"2012-01-31T02:00:00","slug":"saude-aplica-antirrabica-em-caes-e-gatos","status":"publish","type":"post","link":"https:\/\/teste.bsb.br\/zeca\/saude-aplica-antirrabica-em-caes-e-gatos\/","title":{"rendered":"Sa\u00fade aplica antirr\u00e1bica em c\u00e3es e gatos"},"content":{"rendered":"<p class=\"MsoNormal\" style=\"margin: 0cm 0cm 10pt\"><font face=\"Calibri\">C&atilde;es e gatos de 11 munic&iacute;pios do Oeste ser&atilde;o vacinados contra a raiva. A meta &eacute; vacinar 152 mil animais no Estado, como parte de uma campanha nacional iniciada no dia 16 de janeiro. A imuniza&ccedil;&atilde;o come&ccedil;ou por Marechal C&acirc;ndido Rondon, Missal e S&atilde;o Miguel do Igua&ccedil;u. Foz do Igua&ccedil;u &#8211; onde foi registrado recentemente um caso de morcego positivo para raiva &#8211; come&ccedil;ou a vacina&ccedil;&atilde;o com a&ccedil;&otilde;es de bloqueio e dever&aacute; dar continuidade &agrave; campanha no m&ecirc;s de fevereiro. <o:p><\/o:p><\/font><\/p>\n<p class=\"MsoNormal\" style=\"margin: 0cm 0cm 10pt\"><font face=\"Calibri\">O Paran&aacute; &eacute; o &uacute;nico Estado da regi&atilde;o Sul que participa da campanha &#8211; justamente por causa do caso registrado em Foz. A vacina&ccedil;&atilde;o &eacute; aplicada por t&eacute;cnicos do Centro de Controle de Zoonoses de Foz do Igua&ccedil;u e das secretarias municipais de Itaipul&acirc;ndia, Missal, Santa Terezinha de Itaipu, Santa Helena, S&atilde;o Miguel do Igua&ccedil;u, Entre Rios do Oeste, Gua&iacute;ra, Marechal C&acirc;ndido Rondon, Mercedes e Pato Bragado. <o:p><\/o:p><\/font><\/p>\n<p class=\"MsoNormal\" style=\"margin: 0cm 0cm 10pt\"><font face=\"Calibri\">Dependendo da estrat&eacute;gia adotada em cada cidade, os t&eacute;cnicos ir&atilde;o de casa em casa para aplicar a vacina ou estabelecer&atilde;o pontos fixos aonde os donos dever&atilde;o levar seus animais. T&eacute;cnicos da Secretaria Estadual de Sa&uacute;de ap&oacute;iam a execu&ccedil;&atilde;o da campanha nas cidades de abrang&ecirc;ncia da 9Regional da Sa&uacute;de. <o:p><\/o:p><\/font><\/p>\n<p class=\"MsoNormal\" style=\"margin: 0cm 0cm 10pt\"><font face=\"Calibri\">O objetivo da vacina &eacute; controlar a doen&ccedil;a, que &eacute; 100% letal. &#8221;A raiva &eacute; uma doen&ccedil;a grave e a vacina &eacute; a &uacute;nica forma de preveni-la&#8221;, afirma o superintendente de Vigil&acirc;ncia em Sa&uacute;de, Sezifredo Paz. Segundo o Minist&eacute;rio da Sa&uacute;de, ser&atilde;o 32 milh&otilde;es de doses para todo o Pa&iacute;s. <o:p><\/o:p><\/font><\/p>\n<p class=\"MsoNormal\" style=\"margin: 0cm 0cm 10pt\"><font face=\"Calibri\">Muitos donos de c&atilde;es e gatos anteciparam a vacina em cl&iacute;nicas particulares, j&aacute; que o in&iacute;cio da campanha, previsto para setembro de 2012, foi adiado em raz&atilde;o de problemas com o fabricante da vacina. <o:p><\/o:p><\/font><\/p>\n<p class=\"MsoNormal\" style=\"margin: 0cm 0cm 10pt\"><font face=\"Calibri\">Al&eacute;m de c&atilde;es e gatos, os morcegos &#8211; independentemente da esp&eacute;cie &#8211; podem transmitir o v&iacute;rus da raiva e o protocolo de atendimento neste caso &eacute; a sorovacina&ccedil;&atilde;o. <o:p><\/o:p><\/font><\/p>\n<p class=\"MsoNormal\" style=\"margin: 0cm 0cm 10pt\"><font face=\"Calibri\">Os &uacute;ltimos casos de raiva humana no Paran&aacute; ocorreram em 1977 (por c&atilde;o) e em 1987 por morcego (confirma&ccedil;&atilde;o cl&iacute;nica e epidemiol&oacute;gica), no munic&iacute;pio de Rio Branco do Sul. Em 2002, foram registradas duas mortes por raiva humana em Foz do Igua&ccedil;u, de pacientes vindos da Cidade do Leste, no Paraguai. Estes casos foram considerados importados.<\/font><\/p>\n<p class=\"MsoNormal\" style=\"margin: 0cm 0cm 10pt\"><font face=\"Calibri\">FONTE: Reportagem local \/ FOLHA DE LONDRINA<\/font><\/p>\n<p class=\"MsoNormal\" style=\"margin: 0cm 0cm 10pt\"><o:p><font face=\"Calibri\">&nbsp;<\/font><\/o:p><\/p>\n","protected":false},"excerpt":{"rendered":"<p>C\u00e3es e gatos de 11 munic\u00edpios do Oeste ser\u00e3o vacinados contra a raiva. A meta \u00e9 vacinar 152 mil animais no Estado, como parte de uma campanha nacional iniciada no dia 16 de janeiro. A imuniza\u00e7\u00e3o come\u00e7ou por Marechal C\u00e2ndido Rondon, Missal e S\u00e3o Miguel do Igua\u00e7u. Foz do Igua\u00e7u &#8211; onde foi registrado recentemente um caso de morcego positivo para raiva &#8211; come\u00e7ou a vacina\u00e7\u00e3o com a\u00e7\u00f5es de bloqueio e dever\u00e1 dar continuidade \u00e0 campanha no m\u00eas de fevereiro.<\/p>\n","protected":false},"author":1,"featured_media":26091,"comment_status":"open","ping_status":"open","sticky":false,"template":"","format":"standard","meta":{"footnotes":""},"categories":[1],"tags":[5762],"class_list":["post-26092","post","type-post","status-publish","format-standard","has-post-thumbnail","hentry","category-noticias-zeca-dirceu","tag-saude-aplica-antirrabica-em-caes-e-gatos"],"_links":{"self":[{"href":"https:\/\/teste.bsb.br\/zeca\/wp-json\/wp\/v2\/posts\/26092","targetHints":{"allow":["GET"]}}],"collection":[{"href":"https:\/\/teste.bsb.br\/zeca\/wp-json\/wp\/v2\/posts"}],"about":[{"href":"https:\/\/teste.bsb.br\/zeca\/wp-json\/wp\/v2\/types\/post"}],"author":[{"embeddable":true,"href":"https:\/\/teste.bsb.br\/zeca\/wp-json\/wp\/v2\/users\/1"}],"replies":[{"embeddable":true,"href":"https:\/\/teste.bsb.br\/zeca\/wp-json\/wp\/v2\/comments?post=26092"}],"version-history":[{"count":0,"href":"https:\/\/teste.bsb.br\/zeca\/wp-json\/wp\/v2\/posts\/26092\/revisions"}],"wp:featuredmedia":[{"embeddable":true,"href":"https:\/\/teste.bsb.br\/zeca\/wp-json\/wp\/v2\/media\/26091"}],"wp:attachment":[{"href":"https:\/\/teste.bsb.br\/zeca\/wp-json\/wp\/v2\/media?parent=26092"}],"wp:term":[{"taxonomy":"category","embeddable":true,"href":"https:\/\/teste.bsb.br\/zeca\/wp-json\/wp\/v2\/categories?post=26092"},{"taxonomy":"post_tag","embeddable":true,"href":"https:\/\/teste.bsb.br\/zeca\/wp-json\/wp\/v2\/tags?post=26092"}],"curies":[{"name":"wp","href":"https:\/\/api.w.org\/{rel}","templated":true}]}}