{"id":26088,"date":"2012-01-31T00:00:00","date_gmt":"2012-01-31T02:00:00","guid":{"rendered":"https:\/\/www.zecadirceu.com.br\/presidenta-dilma-se-encontra-com-o-presidente-de-cuba-e-visita-ao-porto-de-mariel\/"},"modified":"2012-01-31T00:00:00","modified_gmt":"2012-01-31T02:00:00","slug":"presidenta-dilma-se-encontra-com-o-presidente-de-cuba-e-visita-ao-porto-de-mariel","status":"publish","type":"post","link":"https:\/\/teste.bsb.br\/zeca\/presidenta-dilma-se-encontra-com-o-presidente-de-cuba-e-visita-ao-porto-de-mariel\/","title":{"rendered":"Presidenta Dilma se encontra com o presidente de Cuba e visita ao Porto de Mariel"},"content":{"rendered":"<p class=\"MsoNormal\" style=\"margin: 0cm 0cm 10pt\"><font face=\"Calibri\">A presidenta Dilma Rousseff cumpre agenda hoje (31) em Havana, Cuba, onde participa &agrave;s 9h35 (12h35 no hor&aacute;rio de Bras&iacute;lia) de cerim&ocirc;nia de oferenda floral ao monumento de Jos&eacute; Marti na Pra&ccedil;a da Revolu&ccedil;&atilde;o. <o:p><\/o:p><\/font><\/p>\n<p class=\"MsoNormal\" style=\"margin: 0cm 0cm 10pt\"><font face=\"Calibri\">Ap&oacute;s visita ao Memorial, haver&aacute;, &agrave;s 10h (13h em Bras&iacute;lia), cerim&ocirc;nia oficial de chegada. Em seguida, a presidenta Dilma se re&uacute;ne com o presidente de Cuba, Ra&uacute;l Castro. &Agrave;s 11h45 (14h45 no hor&aacute;rio de Bras&iacute;lia), os dois presidentes participam de cerim&ocirc;nia de assinatura de atos. <o:p><\/o:p><\/font><\/p>\n<p class=\"MsoNormal\" style=\"margin: 0cm 0cm 10pt\"><font face=\"Calibri\">&Agrave;s 12h30 (15h30 em Bras&iacute;lia), o presidente Ra&uacute;l Castro oferece almo&ccedil;o em homenagem &agrave; presidenta Dilma no Sal&atilde;o de Protocolo de Cubanac&aacute;n. &Agrave;s 15h15 (18h15 em Bras&iacute;lia), est&aacute; prevista visita &agrave;s obras do Porto de Mariel.<\/font><\/p>\n<p class=\"MsoNormal\" style=\"margin: 0cm 0cm 10pt\"><font face=\"Calibri\">FONTE: BLOG DO PLANALTO<o:p><\/o:p><\/font><\/p>\n","protected":false},"excerpt":{"rendered":"<p>A presidenta Dilma Rousseff cumpre agenda hoje (31) em Havana, Cuba, onde participa \u00e0s 9h35 (12h35 no hor\u00e1rio de Bras\u00edlia) de cerim\u00f4nia de oferenda floral ao monumento de Jos\u00e9 Marti na Pra\u00e7a da Revolu\u00e7\u00e3o.<\/p>\n","protected":false},"author":1,"featured_media":26087,"comment_status":"open","ping_status":"open","sticky":false,"template":"","format":"standard","meta":{"footnotes":""},"categories":[1],"tags":[5760],"class_list":["post-26088","post","type-post","status-publish","format-standard","has-post-thumbnail","hentry","category-noticias-zeca-dirceu","tag-presidenta-dilma-se-encontra-com-o-presidente-de-cuba-e-visita-ao-porto-de-mariel"],"_links":{"self":[{"href":"https:\/\/teste.bsb.br\/zeca\/wp-json\/wp\/v2\/posts\/26088","targetHints":{"allow":["GET"]}}],"collection":[{"href":"https:\/\/teste.bsb.br\/zeca\/wp-json\/wp\/v2\/posts"}],"about":[{"href":"https:\/\/teste.bsb.br\/zeca\/wp-json\/wp\/v2\/types\/post"}],"author":[{"embeddable":true,"href":"https:\/\/teste.bsb.br\/zeca\/wp-json\/wp\/v2\/users\/1"}],"replies":[{"embeddable":true,"href":"https:\/\/teste.bsb.br\/zeca\/wp-json\/wp\/v2\/comments?post=26088"}],"version-history":[{"count":0,"href":"https:\/\/teste.bsb.br\/zeca\/wp-json\/wp\/v2\/posts\/26088\/revisions"}],"wp:featuredmedia":[{"embeddable":true,"href":"https:\/\/teste.bsb.br\/zeca\/wp-json\/wp\/v2\/media\/26087"}],"wp:attachment":[{"href":"https:\/\/teste.bsb.br\/zeca\/wp-json\/wp\/v2\/media?parent=26088"}],"wp:term":[{"taxonomy":"category","embeddable":true,"href":"https:\/\/teste.bsb.br\/zeca\/wp-json\/wp\/v2\/categories?post=26088"},{"taxonomy":"post_tag","embeddable":true,"href":"https:\/\/teste.bsb.br\/zeca\/wp-json\/wp\/v2\/tags?post=26088"}],"curies":[{"name":"wp","href":"https:\/\/api.w.org\/{rel}","templated":true}]}}