{"id":26074,"date":"2012-02-01T00:00:00","date_gmt":"2012-02-01T02:00:00","guid":{"rendered":"https:\/\/www.zecadirceu.com.br\/1-327-municipios-ja-aderiram-a-programa-para-profissionais-da-saude\/"},"modified":"2012-02-01T00:00:00","modified_gmt":"2012-02-01T02:00:00","slug":"1-327-municipios-ja-aderiram-a-programa-para-profissionais-da-saude","status":"publish","type":"post","link":"https:\/\/teste.bsb.br\/zeca\/1-327-municipios-ja-aderiram-a-programa-para-profissionais-da-saude\/","title":{"rendered":"1.327 munic\u00edpios j\u00e1 aderiram a programa para profissionais da sa\u00fade"},"content":{"rendered":"<p>&nbsp;Um em cada cinco munic&iacute;pios brasileiros j&aacute; aderiu ao Programa de Valoriza&ccedil;&atilde;o dos Profissionais na Aten&ccedil;&atilde;o B&aacute;sica (Provab). At&eacute; o momento, 1.327 cidades j&aacute; fizeram a ades&atilde;o ao programa, com oferta de 3,7 mil vagas para m&eacute;dicos (dois mil), enfermeiros (mil) e cirurgi&otilde;es dentistas (700), que v&atilde;o atuar nas equipes de sa&uacute;de da fam&iacute;lia e outras estrat&eacute;gias da aten&ccedil;&atilde;o b&aacute;sica. Os munic&iacute;pios interessados t&ecirc;m at&eacute; 7 de fevereiro para fazer a ades&atilde;o e&nbsp; os profissionais de sa&uacute;de at&eacute; o dia 12, segundo edital publicado na ter&ccedil;a-feira (31), no Di&aacute;rio Oficial da Uni&atilde;o, prorrogando o prazo.<\/p>\n<p class=\"MsoNormal\"><o:p><\/o:p><\/p>\n<p class=\"MsoNormal\">Al&eacute;m do benef&iacute;cio de contar com profissional por 40 horas semanais, os munic&iacute;pios tamb&eacute;m receber&atilde;o o incentivo para a implanta&ccedil;&atilde;o e manuten&ccedil;&atilde;o do Telessa&uacute;de, que permitir&aacute; &agrave;s institui&ccedil;&otilde;es de ensino superior vinculadas ao Provab dar suporte &agrave; atua&ccedil;&atilde;o dos profissionais. Os munic&iacute;pios ser&atilde;o respons&aacute;veis pela contrata&ccedil;&atilde;o e remunera&ccedil;&atilde;o, bem como pelo custeio de moradias quando houver necessidade.<o:p><\/o:p><\/p>\n<p class=\"MsoNormal\">Munic&iacute;pios &#8211; Podem participar os munic&iacute;pios listados na Portaria Conjunta n&deg; 2, publicada no Di&aacute;rio Oficial da Uni&atilde;o de 26 de agosto de 2011, definidos pelo Minist&eacute;rio da Sa&uacute;de segundo o percentual da popula&ccedil;&atilde;o em extrema pobreza e da popula&ccedil;&atilde;o residente na &aacute;rea rural.<o:p><\/o:p><\/p>\n<p class=\"MsoNormal\">Dos 1.327 munic&iacute;pios aderiram ao programa, 160 est&atilde;o em Minas Gerais, seguido por Pernambuco, com 132. Cear&aacute; e Bahia possuem, respectivamente, 127 e 119 munic&iacute;pios j&aacute; cadastrados no programa. <o:p><\/o:p><\/p>\n<p class=\"MsoNormal\">Processo seletivo ser&aacute; em duas fases <o:p><\/o:p><\/p>\n<p class=\"MsoNormal\">O processo seletivo est&aacute; dividido em duas fases: habilita&ccedil;&atilde;o e sele&ccedil;&atilde;o. A fase de habilita&ccedil;&atilde;o vai at&eacute; 12 de fevereiro.<o:p><\/o:p><\/p>\n<p class=\"MsoNormal\">Candidatos que encontrarem dificuldades t&eacute;cnicas durante a realiza&ccedil;&atilde;o da inscri&ccedil;&atilde;o podem tirar d&uacute;vidas pelo e-mail: nti.dab@saude.gov.br<o:p><\/o:p><\/p>\n<p class=\"MsoNormal\">Secom<\/p>\n","protected":false},"excerpt":{"rendered":"<p>Um em cada cinco munic\u00edpios brasileiros j\u00e1 aderiu ao Programa de Valoriza\u00e7\u00e3o dos Profissionais na Aten\u00e7\u00e3o B\u00e1sica (Provab). At\u00e9 o momento, 1.327 cidades j\u00e1 fizeram a ades\u00e3o ao programa, com oferta de 3,7 mil vagas para m\u00e9dicos (dois mil), enfermeiros (mil) e cirurgi\u00f5es dentistas (700), que v\u00e3o atuar nas equipes de sa\u00fade da fam\u00edlia e outras estrat\u00e9gias da aten\u00e7\u00e3o b\u00e1sica. Os munic\u00edpios interessados t\u00eam at\u00e9 7 de fevereiro para fazer a ades\u00e3o.<\/p>\n","protected":false},"author":1,"featured_media":26073,"comment_status":"open","ping_status":"open","sticky":false,"template":"","format":"standard","meta":{"footnotes":""},"categories":[1],"tags":[5754],"class_list":["post-26074","post","type-post","status-publish","format-standard","has-post-thumbnail","hentry","category-noticias-zeca-dirceu","tag-1-327-municipios-ja-aderiram-a-programa-para-profissionais-da-saude"],"_links":{"self":[{"href":"https:\/\/teste.bsb.br\/zeca\/wp-json\/wp\/v2\/posts\/26074","targetHints":{"allow":["GET"]}}],"collection":[{"href":"https:\/\/teste.bsb.br\/zeca\/wp-json\/wp\/v2\/posts"}],"about":[{"href":"https:\/\/teste.bsb.br\/zeca\/wp-json\/wp\/v2\/types\/post"}],"author":[{"embeddable":true,"href":"https:\/\/teste.bsb.br\/zeca\/wp-json\/wp\/v2\/users\/1"}],"replies":[{"embeddable":true,"href":"https:\/\/teste.bsb.br\/zeca\/wp-json\/wp\/v2\/comments?post=26074"}],"version-history":[{"count":0,"href":"https:\/\/teste.bsb.br\/zeca\/wp-json\/wp\/v2\/posts\/26074\/revisions"}],"wp:featuredmedia":[{"embeddable":true,"href":"https:\/\/teste.bsb.br\/zeca\/wp-json\/wp\/v2\/media\/26073"}],"wp:attachment":[{"href":"https:\/\/teste.bsb.br\/zeca\/wp-json\/wp\/v2\/media?parent=26074"}],"wp:term":[{"taxonomy":"category","embeddable":true,"href":"https:\/\/teste.bsb.br\/zeca\/wp-json\/wp\/v2\/categories?post=26074"},{"taxonomy":"post_tag","embeddable":true,"href":"https:\/\/teste.bsb.br\/zeca\/wp-json\/wp\/v2\/tags?post=26074"}],"curies":[{"name":"wp","href":"https:\/\/api.w.org\/{rel}","templated":true}]}}