{"id":26072,"date":"2012-02-01T00:00:00","date_gmt":"2012-02-01T02:00:00","guid":{"rendered":"https:\/\/www.zecadirceu.com.br\/para-zeca-dirceu-governo-paraguaio-deve-garantir-direitos-dos-brasiguaios\/"},"modified":"2012-02-01T00:00:00","modified_gmt":"2012-02-01T02:00:00","slug":"para-zeca-dirceu-governo-paraguaio-deve-garantir-direitos-dos-brasiguaios","status":"publish","type":"post","link":"https:\/\/teste.bsb.br\/zeca\/para-zeca-dirceu-governo-paraguaio-deve-garantir-direitos-dos-brasiguaios\/","title":{"rendered":"Para Zeca Dirceu, Governo Paraguaio deve garantir direitos dos \u2018brasiguaios\u2019"},"content":{"rendered":"<p>&nbsp;O deputado federal Zeca Dirceu, do PT-PR, manifestou preocupa&ccedil;&atilde;o com a situa&ccedil;&atilde;o dos brasileiros que vivem e moram no Paraguai &ndash; os chamados &ldquo;brasiguaios&rdquo; &ndash; amea&ccedil;ados de terem suas propriedades invadidas pelo movimento Associa&ccedil;&atilde;o dos Carperos de Alto Paran&aacute;.&nbsp; O parlamentar afirmou ainda que nesta semana ir&aacute; debater a quest&atilde;o na C&acirc;mara dos Deputados.<\/p>\n<p class=\"MsoNormal\"><o:p><\/o:p><\/p>\n<p class=\"MsoNormal\">&ldquo;A situa&ccedil;&atilde;o &eacute; preocupante e vamos insistir para que o governo do presidente Fernando Lugo adote medidas que assegurem os direitos dos milhares de brasileiros que vivem h&aacute; anos na regi&atilde;o. Caso seja necess&aacute;rio poderemos criar uma Comiss&atilde;o na Casa para acompanhar todo esse processo em parceria com os Minist&eacute;rios da Justi&ccedil;a e Rela&ccedil;&otilde;es Exteriores&rdquo; afirmou Zeca.<o:p><\/o:p><\/p>\n<p class=\"MsoNormal\">A disputa pela posse das terras agravou-se quando o governo paraguaio determinou que o Instituto Geogr&aacute;fico Militar efetuasse a demarca&ccedil;&atilde;o de cerca de 18.000 hectares situados no Departamento de Alto Paran&aacute; e que pertencem a trinta produtores brasileiros. Como forma de press&atilde;o, os &ldquo;carperos&rdquo; passaram a acompanhar &ldquo;in loco&rdquo; as demarca&ccedil;&otilde;es, o que provocou tens&atilde;o entre as partes.&nbsp; Mas a reivindica&ccedil;&atilde;o dos sem-terra paraguaios &eacute; bem mais ampla. Pedem a expropria&ccedil;&atilde;o de cerca de 160 mil hectares das terras localizadas a menos de 50 km da &aacute;rea de fronteira do Pa&iacute;s cujos propriet&aacute;rios s&atilde;o estrangeiros. Destes, a maioria &eacute; composta por brasileiros.&nbsp; <o:p><\/o:p><\/p>\n<p class=\"MsoNormal\">Para Zeca Dirceu &eacute; importante que o governo regularize de uma vez por todas a situa&ccedil;&atilde;o fundi&aacute;ria no Pa&iacute;s sem deixar de considerar os direitos daqueles que vivem h&aacute; anos na regi&atilde;o. &ldquo;S&atilde;o brasileiros que vivem de forma legal no Paraguai; geram riqueza como produtores de soja e est&atilde;o perfeitamente integrados &agrave; sociedade local. Muitos j&aacute; possuem inclusive cidadania ou seus c&ocirc;njuges e filhos s&atilde;o paraguaios. A quest&atilde;o &eacute; delicada e merece toda nossa aten&ccedil;&atilde;o&rdquo;.<\/p>\n","protected":false},"excerpt":{"rendered":"<p>O deputado federal Zeca Dirceu, do PT-PR, manifestou preocupa\u00e7\u00e3o com a situa\u00e7\u00e3o dos brasileiros que vivem e moram no Paraguai \u2013 os chamados \u201cbrasiguaios\u201d \u2013 amea\u00e7ados de terem suas propriedades invadidas pelo movimento Associa\u00e7\u00e3o dos Carperos de Alto Paran\u00e1.  O parlamentar afirmou ainda que nesta semana ir\u00e1 debater a quest\u00e3o na C\u00e2mara dos Deputados.<\/p>\n","protected":false},"author":1,"featured_media":26071,"comment_status":"open","ping_status":"open","sticky":false,"template":"","format":"standard","meta":{"footnotes":""},"categories":[1],"tags":[5753,5752],"class_list":["post-26072","post","type-post","status-publish","format-standard","has-post-thumbnail","hentry","category-noticias-zeca-dirceu","tag-governo-paraguaio-deve-garantir-direitos-dos-brasiguaios","tag-para-zeca-dirceu"],"_links":{"self":[{"href":"https:\/\/teste.bsb.br\/zeca\/wp-json\/wp\/v2\/posts\/26072","targetHints":{"allow":["GET"]}}],"collection":[{"href":"https:\/\/teste.bsb.br\/zeca\/wp-json\/wp\/v2\/posts"}],"about":[{"href":"https:\/\/teste.bsb.br\/zeca\/wp-json\/wp\/v2\/types\/post"}],"author":[{"embeddable":true,"href":"https:\/\/teste.bsb.br\/zeca\/wp-json\/wp\/v2\/users\/1"}],"replies":[{"embeddable":true,"href":"https:\/\/teste.bsb.br\/zeca\/wp-json\/wp\/v2\/comments?post=26072"}],"version-history":[{"count":0,"href":"https:\/\/teste.bsb.br\/zeca\/wp-json\/wp\/v2\/posts\/26072\/revisions"}],"wp:featuredmedia":[{"embeddable":true,"href":"https:\/\/teste.bsb.br\/zeca\/wp-json\/wp\/v2\/media\/26071"}],"wp:attachment":[{"href":"https:\/\/teste.bsb.br\/zeca\/wp-json\/wp\/v2\/media?parent=26072"}],"wp:term":[{"taxonomy":"category","embeddable":true,"href":"https:\/\/teste.bsb.br\/zeca\/wp-json\/wp\/v2\/categories?post=26072"},{"taxonomy":"post_tag","embeddable":true,"href":"https:\/\/teste.bsb.br\/zeca\/wp-json\/wp\/v2\/tags?post=26072"}],"curies":[{"name":"wp","href":"https:\/\/api.w.org\/{rel}","templated":true}]}}