{"id":26070,"date":"2012-02-01T00:00:00","date_gmt":"2012-02-01T02:00:00","guid":{"rendered":"https:\/\/www.zecadirceu.com.br\/encontro-nacional-de-prefeitos-e-deputados-estaduais-do-pt-ja-tem-programacao-definida\/"},"modified":"2012-02-01T00:00:00","modified_gmt":"2012-02-01T02:00:00","slug":"encontro-nacional-de-prefeitos-e-deputados-estaduais-do-pt-ja-tem-programacao-definida","status":"publish","type":"post","link":"https:\/\/teste.bsb.br\/zeca\/encontro-nacional-de-prefeitos-e-deputados-estaduais-do-pt-ja-tem-programacao-definida\/","title":{"rendered":"Encontro Nacional de Prefeitos e Deputados Estaduais do PT j\u00e1 tem programa\u00e7\u00e3o definida"},"content":{"rendered":"<p>&nbsp;<span style=\"color: rgb(44, 44, 44); font-family: 'Trebuchet MS', sans-serif; font-size: 14px; line-height: 20px; \">Como parte da mobiliza&ccedil;&atilde;o para a disputa eleitoral em 2012, o Diret&oacute;rio Nacional do PT realiza no dia 10 de fevereiro, em Bras&iacute;lia, o Encontro Nacional de Prefeitos\/as e Deputados\/as Estaduais do PT.<\/span><\/p>\n<div style=\"padding-top: 0px; padding-right: 0px; padding-bottom: 0px; padding-left: 0px; margin-top: 0px; margin-right: 0px; margin-bottom: 0px; margin-left: 0px; color: rgb(44, 44, 44); font-family: 'Trebuchet MS', sans-serif; font-size: 14px; line-height: 20px; \">&nbsp;<\/div>\n<div style=\"padding-top: 0px; padding-right: 0px; padding-bottom: 0px; padding-left: 0px; margin-top: 0px; margin-right: 0px; margin-bottom: 0px; margin-left: 0px; color: rgb(44, 44, 44); font-family: 'Trebuchet MS', sans-serif; font-size: 14px; line-height: 20px; \">A coordena&ccedil;&atilde;o do evento est&aacute; sob a responsabilidade da Secretaria Nacional de Assuntos Institucionais (SNAI) que j&aacute; definiu a programa&ccedil;&atilde;o.<\/div>\n<div style=\"padding-top: 0px; padding-right: 0px; padding-bottom: 0px; padding-left: 0px; margin-top: 0px; margin-right: 0px; margin-bottom: 0px; margin-left: 0px; color: rgb(44, 44, 44); font-family: 'Trebuchet MS', sans-serif; font-size: 14px; line-height: 20px; \">&nbsp;<\/div>\n<div style=\"padding-top: 0px; padding-right: 0px; padding-bottom: 0px; padding-left: 0px; margin-top: 0px; margin-right: 0px; margin-bottom: 0px; margin-left: 0px; color: rgb(44, 44, 44); font-family: 'Trebuchet MS', sans-serif; font-size: 14px; line-height: 20px; \">A SNAI informa tamb&eacute;m que a confirma&ccedil;&atilde;o de presen&ccedil;a dos prefeitos\/as e deputadas\/as estaduais deve ser feita at&eacute; a pr&oacute;xima sexta-feira (3), pelo telefone (61) 3213-1314 ou atrav&eacute;s do e-mail snai@pt.org.br .<\/div>\n<div style=\"padding-top: 0px; padding-right: 0px; padding-bottom: 0px; padding-left: 0px; margin-top: 0px; margin-right: 0px; margin-bottom: 0px; margin-left: 0px; color: rgb(44, 44, 44); font-family: 'Trebuchet MS', sans-serif; font-size: 14px; line-height: 20px; \">&nbsp;<\/div>\n<div style=\"padding-top: 0px; padding-right: 0px; padding-bottom: 0px; padding-left: 0px; margin-top: 0px; margin-right: 0px; margin-bottom: 0px; margin-left: 0px; color: rgb(44, 44, 44); font-family: 'Trebuchet MS', sans-serif; font-size: 14px; line-height: 20px; \">Os cerca de 550 prefeitos\/as e os 146 deputados\/as estaduais petistas que vierem ao Encontro tamb&eacute;m v&atilde;o participar das comemora&ccedil;&otilde;es do 32&ordm; anivers&aacute;rio do PT, comemorado no mesmo dia.<\/div>\n<div style=\"padding-top: 0px; padding-right: 0px; padding-bottom: 0px; padding-left: 0px; margin-top: 0px; margin-right: 0px; margin-bottom: 0px; margin-left: 0px; color: rgb(44, 44, 44); font-family: 'Trebuchet MS', sans-serif; font-size: 14px; line-height: 20px; \">&nbsp;<\/div>\n<div style=\"padding-top: 0px; padding-right: 0px; padding-bottom: 0px; padding-left: 0px; margin-top: 0px; margin-right: 0px; margin-bottom: 0px; margin-left: 0px; color: rgb(44, 44, 44); font-family: 'Trebuchet MS', sans-serif; font-size: 14px; line-height: 20px; \">Confira abaixo a programa&ccedil;&atilde;o do Encontro:<\/div>\n<div style=\"padding-top: 0px; padding-right: 0px; padding-bottom: 0px; padding-left: 0px; margin-top: 0px; margin-right: 0px; margin-bottom: 0px; margin-left: 0px; color: rgb(44, 44, 44); font-family: 'Trebuchet MS', sans-serif; font-size: 14px; line-height: 20px; \">&nbsp;<\/div>\n<div style=\"padding-top: 0px; padding-right: 0px; padding-bottom: 0px; padding-left: 0px; margin-top: 0px; margin-right: 0px; margin-bottom: 0px; margin-left: 0px; color: rgb(44, 44, 44); font-family: 'Trebuchet MS', sans-serif; font-size: 14px; line-height: 20px; \">Programa&ccedil;&atilde;o Oficial<\/div>\n<div style=\"padding-top: 0px; padding-right: 0px; padding-bottom: 0px; padding-left: 0px; margin-top: 0px; margin-right: 0px; margin-bottom: 0px; margin-left: 0px; color: rgb(44, 44, 44); font-family: 'Trebuchet MS', sans-serif; font-size: 14px; line-height: 20px; \">&nbsp;<\/div>\n<div style=\"padding-top: 0px; padding-right: 0px; padding-bottom: 0px; padding-left: 0px; margin-top: 0px; margin-right: 0px; margin-bottom: 0px; margin-left: 0px; color: rgb(44, 44, 44); font-family: 'Trebuchet MS', sans-serif; font-size: 14px; line-height: 20px; \">Dia 10 de fevereiro de 2012 (sexta feira)<\/div>\n<div style=\"padding-top: 0px; padding-right: 0px; padding-bottom: 0px; padding-left: 0px; margin-top: 0px; margin-right: 0px; margin-bottom: 0px; margin-left: 0px; color: rgb(44, 44, 44); font-family: 'Trebuchet MS', sans-serif; font-size: 14px; line-height: 20px; \">&nbsp;<\/div>\n<div style=\"padding-top: 0px; padding-right: 0px; padding-bottom: 0px; padding-left: 0px; margin-top: 0px; margin-right: 0px; margin-bottom: 0px; margin-left: 0px; color: rgb(44, 44, 44); font-family: 'Trebuchet MS', sans-serif; font-size: 14px; line-height: 20px; \">Manh&atilde;<\/div>\n<div style=\"padding-top: 0px; padding-right: 0px; padding-bottom: 0px; padding-left: 0px; margin-top: 0px; margin-right: 0px; margin-bottom: 0px; margin-left: 0px; color: rgb(44, 44, 44); font-family: 'Trebuchet MS', sans-serif; font-size: 14px; line-height: 20px; \">9h &agrave;s 12h &#8211; Reuni&otilde;es Regionais de prefeitos\/as.<\/div>\n<div style=\"padding-top: 0px; padding-right: 0px; padding-bottom: 0px; padding-left: 0px; margin-top: 0px; margin-right: 0px; margin-bottom: 0px; margin-left: 0px; color: rgb(44, 44, 44); font-family: 'Trebuchet MS', sans-serif; font-size: 14px; line-height: 20px; \">Norte;<\/div>\n<div style=\"padding-top: 0px; padding-right: 0px; padding-bottom: 0px; padding-left: 0px; margin-top: 0px; margin-right: 0px; margin-bottom: 0px; margin-left: 0px; color: rgb(44, 44, 44); font-family: 'Trebuchet MS', sans-serif; font-size: 14px; line-height: 20px; \">Nordeste;<\/div>\n<div style=\"padding-top: 0px; padding-right: 0px; padding-bottom: 0px; padding-left: 0px; margin-top: 0px; margin-right: 0px; margin-bottom: 0px; margin-left: 0px; color: rgb(44, 44, 44); font-family: 'Trebuchet MS', sans-serif; font-size: 14px; line-height: 20px; \">Centro-Oeste;<\/div>\n<div style=\"padding-top: 0px; padding-right: 0px; padding-bottom: 0px; padding-left: 0px; margin-top: 0px; margin-right: 0px; margin-bottom: 0px; margin-left: 0px; color: rgb(44, 44, 44); font-family: 'Trebuchet MS', sans-serif; font-size: 14px; line-height: 20px; \">Sul;<\/div>\n<div style=\"padding-top: 0px; padding-right: 0px; padding-bottom: 0px; padding-left: 0px; margin-top: 0px; margin-right: 0px; margin-bottom: 0px; margin-left: 0px; color: rgb(44, 44, 44); font-family: 'Trebuchet MS', sans-serif; font-size: 14px; line-height: 20px; \">MG &amp; ES;<\/div>\n<div style=\"padding-top: 0px; padding-right: 0px; padding-bottom: 0px; padding-left: 0px; margin-top: 0px; margin-right: 0px; margin-bottom: 0px; margin-left: 0px; color: rgb(44, 44, 44); font-family: 'Trebuchet MS', sans-serif; font-size: 14px; line-height: 20px; \">SP &amp; RJ.<\/div>\n<div style=\"padding-top: 0px; padding-right: 0px; padding-bottom: 0px; padding-left: 0px; margin-top: 0px; margin-right: 0px; margin-bottom: 0px; margin-left: 0px; color: rgb(44, 44, 44); font-family: 'Trebuchet MS', sans-serif; font-size: 14px; line-height: 20px; \">9h &agrave;s 12h &#8211; Encontro Nacional de deputados\/as estaduais.<\/div>\n<div style=\"padding-top: 0px; padding-right: 0px; padding-bottom: 0px; padding-left: 0px; margin-top: 0px; margin-right: 0px; margin-bottom: 0px; margin-left: 0px; color: rgb(44, 44, 44); font-family: 'Trebuchet MS', sans-serif; font-size: 14px; line-height: 20px; \">12h &#8211; Inicio do check in nos hot&eacute;is<\/div>\n<div style=\"padding-top: 0px; padding-right: 0px; padding-bottom: 0px; padding-left: 0px; margin-top: 0px; margin-right: 0px; margin-bottom: 0px; margin-left: 0px; color: rgb(44, 44, 44); font-family: 'Trebuchet MS', sans-serif; font-size: 14px; line-height: 20px; \">&nbsp;<\/div>\n<div style=\"padding-top: 0px; padding-right: 0px; padding-bottom: 0px; padding-left: 0px; margin-top: 0px; margin-right: 0px; margin-bottom: 0px; margin-left: 0px; color: rgb(44, 44, 44); font-family: 'Trebuchet MS', sans-serif; font-size: 14px; line-height: 20px; \">12h30min &agrave;s 14h &ndash; Almo&ccedil;o<\/div>\n<div style=\"padding-top: 0px; padding-right: 0px; padding-bottom: 0px; padding-left: 0px; margin-top: 0px; margin-right: 0px; margin-bottom: 0px; margin-left: 0px; color: rgb(44, 44, 44); font-family: 'Trebuchet MS', sans-serif; font-size: 14px; line-height: 20px; \">&nbsp;<\/div>\n<div style=\"padding-top: 0px; padding-right: 0px; padding-bottom: 0px; padding-left: 0px; margin-top: 0px; margin-right: 0px; margin-bottom: 0px; margin-left: 0px; color: rgb(44, 44, 44); font-family: 'Trebuchet MS', sans-serif; font-size: 14px; line-height: 20px; \">Tarde<\/div>\n<div style=\"padding-top: 0px; padding-right: 0px; padding-bottom: 0px; padding-left: 0px; margin-top: 0px; margin-right: 0px; margin-bottom: 0px; margin-left: 0px; color: rgb(44, 44, 44); font-family: 'Trebuchet MS', sans-serif; font-size: 14px; line-height: 20px; \">14h30min &agrave;s 17h30min &ndash; Grande plen&aacute;ria com prefeitos\/as, deputados\/as e convidados.<\/div>\n<div style=\"padding-top: 0px; padding-right: 0px; padding-bottom: 0px; padding-left: 0px; margin-top: 0px; margin-right: 0px; margin-bottom: 0px; margin-left: 0px; color: rgb(44, 44, 44); font-family: 'Trebuchet MS', sans-serif; font-size: 14px; line-height: 20px; \">Mesa: Elei&ccedil;&otilde;es 2012<\/div>\n<div style=\"padding-top: 0px; padding-right: 0px; padding-bottom: 0px; padding-left: 0px; margin-top: 0px; margin-right: 0px; margin-bottom: 0px; margin-left: 0px; color: rgb(44, 44, 44); font-family: 'Trebuchet MS', sans-serif; font-size: 14px; line-height: 20px; \">Composi&ccedil;&atilde;o da mesa:<\/div>\n<div style=\"padding-top: 0px; padding-right: 0px; padding-bottom: 0px; padding-left: 0px; margin-top: 0px; margin-right: 0px; margin-bottom: 0px; margin-left: 0px; color: rgb(44, 44, 44); font-family: 'Trebuchet MS', sans-serif; font-size: 14px; line-height: 20px; \">Luis In&aacute;cio Lula da Silva ex-presidente da republica federativa do Brasil (a confirmar);<\/div>\n<div style=\"padding-top: 0px; padding-right: 0px; padding-bottom: 0px; padding-left: 0px; margin-top: 0px; margin-right: 0px; margin-bottom: 0px; margin-left: 0px; color: rgb(44, 44, 44); font-family: 'Trebuchet MS', sans-serif; font-size: 14px; line-height: 20px; \">Ideli Salvatti &#8211; Ministra da Secretaria de Rela&ccedil;&otilde;es Institucionais da Presid&ecirc;ncia da<\/div>\n<div style=\"padding-top: 0px; padding-right: 0px; padding-bottom: 0px; padding-left: 0px; margin-top: 0px; margin-right: 0px; margin-bottom: 0px; margin-left: 0px; color: rgb(44, 44, 44); font-family: 'Trebuchet MS', sans-serif; font-size: 14px; line-height: 20px; \">Rep&uacute;blica (a confirmar);<\/div>\n<div style=\"padding-top: 0px; padding-right: 0px; padding-bottom: 0px; padding-left: 0px; margin-top: 0px; margin-right: 0px; margin-bottom: 0px; margin-left: 0px; color: rgb(44, 44, 44); font-family: 'Trebuchet MS', sans-serif; font-size: 14px; line-height: 20px; \">Marco Maia &#8211; Deputado Federal &#8211; Presidente da C&acirc;mara (a confirmar);<\/div>\n<div style=\"padding-top: 0px; padding-right: 0px; padding-bottom: 0px; padding-left: 0px; margin-top: 0px; margin-right: 0px; margin-bottom: 0px; margin-left: 0px; color: rgb(44, 44, 44); font-family: 'Trebuchet MS', sans-serif; font-size: 14px; line-height: 20px; \">Rui Falc&atilde;o-Presidente nacional do Partido dos Trabalhadores;<\/div>\n<div style=\"padding-top: 0px; padding-right: 0px; padding-bottom: 0px; padding-left: 0px; margin-top: 0px; margin-right: 0px; margin-bottom: 0px; margin-left: 0px; color: rgb(44, 44, 44); font-family: 'Trebuchet MS', sans-serif; font-size: 14px; line-height: 20px; \">Geraldo Magela &#8211; Secretario Nacional de Assuntos Institucionais do PT;<\/div>\n<div style=\"padding-top: 0px; padding-right: 0px; padding-bottom: 0px; padding-left: 0px; margin-top: 0px; margin-right: 0px; margin-bottom: 0px; margin-left: 0px; color: rgb(44, 44, 44); font-family: 'Trebuchet MS', sans-serif; font-size: 14px; line-height: 20px; \">&nbsp;<\/div>\n<div style=\"padding-top: 0px; padding-right: 0px; padding-bottom: 0px; padding-left: 0px; margin-top: 0px; margin-right: 0px; margin-bottom: 0px; margin-left: 0px; color: rgb(44, 44, 44); font-family: 'Trebuchet MS', sans-serif; font-size: 14px; line-height: 20px; \">18h30minh &#8211;&nbsp;<b style=\"padding-top: 0px; padding-right: 0px; padding-bottom: 0px; padding-left: 0px; margin-top: 0px; margin-right: 0px; margin-bottom: 0px; margin-left: 0px; \">Ato Publico em comemora&ccedil;&atilde;o ao anivers&aacute;rio do PT<\/b><\/div>\n<div style=\"padding-top: 0px; padding-right: 0px; padding-bottom: 0px; padding-left: 0px; margin-top: 0px; margin-right: 0px; margin-bottom: 0px; margin-left: 0px; color: rgb(44, 44, 44); font-family: 'Trebuchet MS', sans-serif; font-size: 14px; line-height: 20px; \">Presen&ccedil;a de:<\/div>\n<div style=\"padding-top: 0px; padding-right: 0px; padding-bottom: 0px; padding-left: 0px; margin-top: 0px; margin-right: 0px; margin-bottom: 0px; margin-left: 0px; color: rgb(44, 44, 44); font-family: 'Trebuchet MS', sans-serif; font-size: 14px; line-height: 20px; \">Dilma Rousseff &ndash; Presidenta da Republica Federativa do Brasil;<\/div>\n<div style=\"padding-top: 0px; padding-right: 0px; padding-bottom: 0px; padding-left: 0px; margin-top: 0px; margin-right: 0px; margin-bottom: 0px; margin-left: 0px; color: rgb(44, 44, 44); font-family: 'Trebuchet MS', sans-serif; font-size: 14px; line-height: 20px; \">Luis In&aacute;cio Lula da Silva ex-presidente da republica federativa do Brasil (a confirmar);<\/div>\n<div style=\"padding-top: 0px; padding-right: 0px; padding-bottom: 0px; padding-left: 0px; margin-top: 0px; margin-right: 0px; margin-bottom: 0px; margin-left: 0px; color: rgb(44, 44, 44); font-family: 'Trebuchet MS', sans-serif; font-size: 14px; line-height: 20px; \">Ministros e Ministras de Estado;<\/div>\n<div style=\"padding-top: 0px; padding-right: 0px; padding-bottom: 0px; padding-left: 0px; margin-top: 0px; margin-right: 0px; margin-bottom: 0px; margin-left: 0px; color: rgb(44, 44, 44); font-family: 'Trebuchet MS', sans-serif; font-size: 14px; line-height: 20px; \">Rui Falc&atilde;o-Presidente nacional do Partido dos Trabalhadores;<\/div>\n<div style=\"padding-top: 0px; padding-right: 0px; padding-bottom: 0px; padding-left: 0px; margin-top: 0px; margin-right: 0px; margin-bottom: 0px; margin-left: 0px; color: rgb(44, 44, 44); font-family: 'Trebuchet MS', sans-serif; font-size: 14px; line-height: 20px; \">Senadores e Senadoras do PT<\/div>\n<div style=\"padding-top: 0px; padding-right: 0px; padding-bottom: 0px; padding-left: 0px; margin-top: 0px; margin-right: 0px; margin-bottom: 0px; margin-left: 0px; color: rgb(44, 44, 44); font-family: 'Trebuchet MS', sans-serif; font-size: 14px; line-height: 20px; \">Prefeitos e prefeitas do PT;<\/div>\n<div style=\"padding-top: 0px; padding-right: 0px; padding-bottom: 0px; padding-left: 0px; margin-top: 0px; margin-right: 0px; margin-bottom: 0px; margin-left: 0px; color: rgb(44, 44, 44); font-family: 'Trebuchet MS', sans-serif; font-size: 14px; line-height: 20px; \">Deputados e deputadas do PT;<\/div>\n<div style=\"padding-top: 0px; padding-right: 0px; padding-bottom: 0px; padding-left: 0px; margin-top: 0px; margin-right: 0px; margin-bottom: 0px; margin-left: 0px; color: rgb(44, 44, 44); font-family: 'Trebuchet MS', sans-serif; font-size: 14px; line-height: 20px; \">Demais convidados do Diret&oacute;rio Nacional.<\/div>\n<div style=\"padding-top: 0px; padding-right: 0px; padding-bottom: 0px; padding-left: 0px; margin-top: 0px; margin-right: 0px; margin-bottom: 0px; margin-left: 0px; color: rgb(44, 44, 44); font-family: 'Trebuchet MS', sans-serif; font-size: 14px; line-height: 20px; \">&nbsp;<\/div>\n<div style=\"padding-top: 0px; padding-right: 0px; padding-bottom: 0px; padding-left: 0px; margin-top: 0px; margin-right: 0px; margin-bottom: 0px; margin-left: 0px; color: rgb(44, 44, 44); font-family: 'Trebuchet MS', sans-serif; font-size: 14px; line-height: 20px; \">Dia 11 de Fevereiro de 2012 (S&aacute;bado)<\/div>\n<div style=\"padding-top: 0px; padding-right: 0px; padding-bottom: 0px; padding-left: 0px; margin-top: 0px; margin-right: 0px; margin-bottom: 0px; margin-left: 0px; color: rgb(44, 44, 44); font-family: 'Trebuchet MS', sans-serif; font-size: 14px; line-height: 20px; \">Caf&eacute; da Manh&atilde; e Check out<\/div>\n<div style=\"padding-top: 0px; padding-right: 0px; padding-bottom: 0px; padding-left: 0px; margin-top: 0px; margin-right: 0px; margin-bottom: 0px; margin-left: 0px; color: rgb(44, 44, 44); font-family: 'Trebuchet MS', sans-serif; font-size: 14px; line-height: 20px; \">Bras&iacute;lia<\/div>\n<div style=\"padding-top: 0px; padding-right: 0px; padding-bottom: 0px; padding-left: 0px; margin-top: 0px; margin-right: 0px; margin-bottom: 0px; margin-left: 0px; color: rgb(44, 44, 44); font-family: 'Trebuchet MS', sans-serif; font-size: 14px; line-height: 20px; \">&nbsp;<\/div>\n<div style=\"padding-top: 0px; padding-right: 0px; padding-bottom: 0px; padding-left: 0px; margin-top: 0px; margin-right: 0px; margin-bottom: 0px; margin-left: 0px; color: rgb(44, 44, 44); font-family: 'Trebuchet MS', sans-serif; font-size: 14px; line-height: 20px; \">Local: Centro de Conven&ccedil;&otilde;es Brasil 21<\/div>\n<div style=\"padding-top: 0px; padding-right: 0px; padding-bottom: 0px; padding-left: 0px; margin-top: 0px; margin-right: 0px; margin-bottom: 0px; margin-left: 0px; color: rgb(44, 44, 44); font-family: 'Trebuchet MS', sans-serif; font-size: 14px; line-height: 20px; \">SHS Quadra 06, Lote 01, Conjunto A, Setor Hoteleiro Sul<\/div>\n<div style=\"padding-top: 0px; padding-right: 0px; padding-bottom: 0px; padding-left: 0px; margin-top: 0px; margin-right: 0px; margin-bottom: 0px; margin-left: 0px; color: rgb(44, 44, 44); font-family: 'Trebuchet MS', sans-serif; font-size: 14px; line-height: 20px; \">Bras&iacute;lia, DF | CEP 70316 000<\/div>\n<div style=\"padding-top: 0px; padding-right: 0px; padding-bottom: 0px; padding-left: 0px; margin-top: 0px; margin-right: 0px; margin-bottom: 0px; margin-left: 0px; color: rgb(44, 44, 44); font-family: 'Trebuchet MS', sans-serif; font-size: 14px; line-height: 20px; \">+55 61 3039 8880.<\/div>\n<div style=\"padding-top: 0px; padding-right: 0px; padding-bottom: 0px; padding-left: 0px; margin-top: 0px; margin-right: 0px; margin-bottom: 0px; margin-left: 0px; color: rgb(44, 44, 44); font-family: 'Trebuchet MS', sans-serif; font-size: 14px; line-height: 20px; \"><a target=\"_blank\" href=\"http:\/\/convencoesbrasil21.com.br\/\" style=\"padding-top: 0px; padding-right: 0px; padding-bottom: 0px; padding-left: 0px; margin-top: 0px; margin-right: 0px; margin-bottom: 0px; margin-left: 0px; font: normal normal normal 14px\/14px 'Trebuchet MS', sans-serif; color: rgb(44, 44, 44); text-decoration: none; \">http:\/\/convencoesbrasil21.com.br\/<\/p>\n<p>Portal PT<br type=\"_moz\" \/><br \/>\n<\/a><\/div>\n","protected":false},"excerpt":{"rendered":"<p>Como parte da mobiliza\u00e7\u00e3o para a disputa eleitoral em 2012, o Diret\u00f3rio Nacional do PT realiza no dia 10 de fevereiro, em Bras\u00edlia, o Encontro Nacional de Prefeitos\/as e Deputados\/as Estaduais do PT.<br \/>\nA coordena\u00e7\u00e3o do evento est\u00e1 sob a responsabilidade da Secretaria Nacional de Assuntos Institucionais (SNAI) que j\u00e1 definiu a programa\u00e7\u00e3o.<\/p>\n","protected":false},"author":1,"featured_media":26069,"comment_status":"open","ping_status":"open","sticky":false,"template":"","format":"standard","meta":{"footnotes":""},"categories":[1],"tags":[5751],"class_list":["post-26070","post","type-post","status-publish","format-standard","has-post-thumbnail","hentry","category-noticias-zeca-dirceu","tag-encontro-nacional-de-prefeitos-as-e-deputados-as-estaduais-do-pt-ja-tem-programacao-defini"],"_links":{"self":[{"href":"https:\/\/teste.bsb.br\/zeca\/wp-json\/wp\/v2\/posts\/26070","targetHints":{"allow":["GET"]}}],"collection":[{"href":"https:\/\/teste.bsb.br\/zeca\/wp-json\/wp\/v2\/posts"}],"about":[{"href":"https:\/\/teste.bsb.br\/zeca\/wp-json\/wp\/v2\/types\/post"}],"author":[{"embeddable":true,"href":"https:\/\/teste.bsb.br\/zeca\/wp-json\/wp\/v2\/users\/1"}],"replies":[{"embeddable":true,"href":"https:\/\/teste.bsb.br\/zeca\/wp-json\/wp\/v2\/comments?post=26070"}],"version-history":[{"count":0,"href":"https:\/\/teste.bsb.br\/zeca\/wp-json\/wp\/v2\/posts\/26070\/revisions"}],"wp:featuredmedia":[{"embeddable":true,"href":"https:\/\/teste.bsb.br\/zeca\/wp-json\/wp\/v2\/media\/26069"}],"wp:attachment":[{"href":"https:\/\/teste.bsb.br\/zeca\/wp-json\/wp\/v2\/media?parent=26070"}],"wp:term":[{"taxonomy":"category","embeddable":true,"href":"https:\/\/teste.bsb.br\/zeca\/wp-json\/wp\/v2\/categories?post=26070"},{"taxonomy":"post_tag","embeddable":true,"href":"https:\/\/teste.bsb.br\/zeca\/wp-json\/wp\/v2\/tags?post=26070"}],"curies":[{"name":"wp","href":"https:\/\/api.w.org\/{rel}","templated":true}]}}