{"id":26066,"date":"2012-02-01T00:00:00","date_gmt":"2012-02-01T02:00:00","guid":{"rendered":"https:\/\/www.zecadirceu.com.br\/juca-ferreira-ex-ministro-da-cultura-filia-se-ao-pt\/"},"modified":"2012-02-01T00:00:00","modified_gmt":"2012-02-01T02:00:00","slug":"juca-ferreira-ex-ministro-da-cultura-filia-se-ao-pt","status":"publish","type":"post","link":"https:\/\/teste.bsb.br\/zeca\/juca-ferreira-ex-ministro-da-cultura-filia-se-ao-pt\/","title":{"rendered":"Juca Ferreira, ex-ministro da Cultura, filia-se ao PT"},"content":{"rendered":"<p>O soci&oacute;logo Juca Ferreira, ex-Ministro da Cultura no governo do presidente Lula, anunciou na semana passada sua filia&ccedil;&atilde;o ao PT da Bahia. O ato de filia&ccedil;&atilde;o ocorrer&aacute; na quinta-feira (2), em Salvador (BA), data em que &eacute; celebrado o Dia de Iemanj&aacute;. Juca realizou um grande trabalho no Minist&eacute;rio da Cultura durante o governo Lula e ser&aacute; muito bem vindo na nossa legenda.<\/p>\n<p>O ex-ministro deixou o PV no final de 2010, em meio a diverg&ecirc;ncias com o partido que ajudou a fundar. &ldquo;Conversei com o ex-presidente Lula e cheguei &agrave; conclus&atilde;o que minha contribui&ccedil;&atilde;o pol&iacute;tica deveria seguir adiante no PT. Minha proximidade com o PT &eacute; antiga, antes mesmo de participar do governo Lula. Enquanto fui dirigente do PV na Bahia, &eacute;ramos parte de uma frente democr&aacute;tica e de esquerda. Posteriormente, meu trabalho e de Gilberto Gil no minist&eacute;rio tem uma identidade profunda com o projeto liderado por Lula e que tem no PT o seu principal partido&rdquo;, disse o ex-ministro.<\/p>\n<p>O l&iacute;der do PT na C&acirc;mara, deputado Paulo Teixeira (PT-SP), comemorou o an&uacute;ncio. &ldquo;&Eacute; uma filia&ccedil;&atilde;o muito bem vinda. Como ministro, Juca Ferreira teve uma gest&atilde;o excelente e implantou programas muito avan&ccedil;ados na &aacute;rea de cultura, inclusive implementando ideias defendidas historicamente pelo PT&rdquo;, celebrou o l&iacute;der.<\/p>\n<p>\nA data do ato de filia&ccedil;&atilde;o &ndash; o Dia de Iemanj&aacute; &ndash; foi escolhida pelo simbolismo que representa para a cultura brasileira. Enquanto ministro e secret&aacute;rio de meio ambiente de Salvador, promoveu o reconhecimento e preserva&ccedil;&atilde;o de muitos terreiros de candombl&eacute; na capital baiana, criando la&ccedil;os afetivos profundos com os povos de santo na Bahia e de todo o Brasil.<br \/>\n&nbsp;<br \/>\nJuca recorda o trabalho realizado no MinC, que suscitou pol&ecirc;mica e debates apaixonados em todo o Brasil: &ldquo;Transformamos um Minist&eacute;rio antes irrelevante em um irradiador de apoios. Abrimos pol&iacute;ticas p&uacute;blicas inovadoras, como os pontos de cultura, sensibilizamos artistas e produtores para a necessidade de constru&ccedil;&atilde;o dos novos marcos legais para a cultura brasileira, como a reforma da Lei Rouanet, a reforma do Direito Autoral, o Sistema e o Plano Nacional de Cultura&rdquo;, lembrou o ex-ministro.<\/p>\n<p>&ldquo;Conseguimos ampliar a compreens&atilde;o e expectativa da sociedade brasileira em rela&ccedil;&atilde;o ao papel da cultura no projeto de pa&iacute;s, por meio do di&aacute;logo e de consultas. Por isso o caminho natural &eacute; continuar como parte desse projeto nacional e ajudando aos que constroem o PT, o partido que est&aacute; &agrave; frente das importantes transforma&ccedil;&otilde;es sociais que o Brasil vive&rdquo;, acrescentou Ferreira.<\/p>\n<p>Atualmente vivendo em Madrid, Juca Ferreira ir&aacute; a Salvador especialmente para assinar a filia&ccedil;&atilde;o, em ato que tamb&eacute;m vai comemorar os 32 anos de funda&ccedil;&atilde;o do PT.<\/p>\n<p>Programa&ccedil;&atilde;o &ndash; A festa ter&aacute; in&iacute;cio &agrave;s 10h, na sede do partido, no bairro Rio Vermelho. &Agrave;s 14h ser&aacute; realizado um cortejo para a entrega dos presentes &agrave;s embarca&ccedil;&otilde;es que levar&atilde;o as oferendas ao mar.<\/p>\n","protected":false},"excerpt":{"rendered":"<p>O soci\u00f3logo Juca Ferreira, ex-Ministro da Cultura no governo do presidente Lula, anunciou na semana passada sua filia\u00e7\u00e3o ao PT da Bahia. O ato de filia\u00e7\u00e3o ocorrer\u00e1 na quinta-feira (2), em Salvador (BA), data em que \u00e9 celebrado o Dia de Iemanj\u00e1.<\/p>\n","protected":false},"author":1,"featured_media":26065,"comment_status":"open","ping_status":"open","sticky":false,"template":"","format":"standard","meta":{"footnotes":""},"categories":[1],"tags":[5748,117],"class_list":["post-26066","post","type-post","status-publish","format-standard","has-post-thumbnail","hentry","category-noticias-zeca-dirceu","tag-juca-ferreira","tag-pt"],"_links":{"self":[{"href":"https:\/\/teste.bsb.br\/zeca\/wp-json\/wp\/v2\/posts\/26066","targetHints":{"allow":["GET"]}}],"collection":[{"href":"https:\/\/teste.bsb.br\/zeca\/wp-json\/wp\/v2\/posts"}],"about":[{"href":"https:\/\/teste.bsb.br\/zeca\/wp-json\/wp\/v2\/types\/post"}],"author":[{"embeddable":true,"href":"https:\/\/teste.bsb.br\/zeca\/wp-json\/wp\/v2\/users\/1"}],"replies":[{"embeddable":true,"href":"https:\/\/teste.bsb.br\/zeca\/wp-json\/wp\/v2\/comments?post=26066"}],"version-history":[{"count":0,"href":"https:\/\/teste.bsb.br\/zeca\/wp-json\/wp\/v2\/posts\/26066\/revisions"}],"wp:featuredmedia":[{"embeddable":true,"href":"https:\/\/teste.bsb.br\/zeca\/wp-json\/wp\/v2\/media\/26065"}],"wp:attachment":[{"href":"https:\/\/teste.bsb.br\/zeca\/wp-json\/wp\/v2\/media?parent=26066"}],"wp:term":[{"taxonomy":"category","embeddable":true,"href":"https:\/\/teste.bsb.br\/zeca\/wp-json\/wp\/v2\/categories?post=26066"},{"taxonomy":"post_tag","embeddable":true,"href":"https:\/\/teste.bsb.br\/zeca\/wp-json\/wp\/v2\/tags?post=26066"}],"curies":[{"name":"wp","href":"https:\/\/api.w.org\/{rel}","templated":true}]}}