{"id":26060,"date":"2012-02-02T00:00:00","date_gmt":"2012-02-02T02:00:00","guid":{"rendered":"https:\/\/www.zecadirceu.com.br\/ministerio-da-saude-lanca-campanha-de-prevencao-da-aids-no-carnaval\/"},"modified":"2012-02-02T00:00:00","modified_gmt":"2012-02-02T02:00:00","slug":"ministerio-da-saude-lanca-campanha-de-prevencao-da-aids-no-carnaval","status":"publish","type":"post","link":"https:\/\/teste.bsb.br\/zeca\/ministerio-da-saude-lanca-campanha-de-prevencao-da-aids-no-carnaval\/","title":{"rendered":"Minist\u00e9rio da Sa\u00fade lan\u00e7a campanha de preven\u00e7\u00e3o da aids no carnaval"},"content":{"rendered":"<p class=\"MsoNormal\" style=\"margin: 0cm 0cm 10pt\">FONTE: AG&Ecirc;NCIA BRASIL \/ GAZETA DO POVO<\/p>\n<p class=\"MsoNormal\" style=\"margin: 0cm 0cm 10pt\"><font face=\"Calibri\">Os jovens de 15 a 24 anos, principalmente gays, s&atilde;o o foco da campanha de preven&ccedil;&atilde;o da aids no carnaval 2012, que ser&aacute; lan&ccedil;ada nesta quinta-feira pelo Minist&eacute;rio da Sa&uacute;de. O lan&ccedil;amento ser&aacute; na quadra da Escola de Samba Acad&ecirc;micos da Rocinha, no Rio de Janeiro.<o:p><\/o:p><\/font><\/p>\n<p class=\"MsoNormal\" style=\"margin: 0cm 0cm 10pt\"><font face=\"Calibri\">O aumento da incid&ecirc;ncia da doen&ccedil;a entre gays dessa faixa et&aacute;ria chama a aten&ccedil;&atilde;o das autoridades de sa&uacute;de. O crescimento foi de 10,1%, conforme dados divulgados pelo governo federal no fim do ano passado. Em 2010, para dez heterossexuais com aids, existiam 16 homossexuais. Em 1998, a rela&ccedil;&atilde;o era de 10 para 12.<o:p><\/o:p><\/font><\/p>\n<p class=\"MsoNormal\" style=\"margin: 0cm 0cm 10pt\"><font face=\"Calibri\">Em 2011, o governo deu in&iacute;cio a a&ccedil;&otilde;es para conter o avan&ccedil;o da aids entre os jovens, usando as redes sociais para comunicar-se com esse p&uacute;blico.<o:p><\/o:p><\/font><\/p>\n<p class=\"MsoNormal\" style=\"margin: 0cm 0cm 10pt\"><font face=\"Calibri\">Antes e durante o carnaval, o governo deve veicular mensagens na televis&atilde;o e no r&aacute;dio alertando para a import&acirc;ncia do uso do preservativo. Ap&oacute;s a festa, ser&atilde;o divulgadas mensagens estimulando a popula&ccedil;&atilde;o a fazer o teste r&aacute;pido da aids para o diagn&oacute;stico da doen&ccedil;a, como foi feito nos anos anteriores.<o:p><\/o:p><\/font><\/p>\n","protected":false},"excerpt":{"rendered":"<p>Os jovens de 15 a 24 anos, principalmente gays, s\u00e3o o foco da campanha de preven\u00e7\u00e3o da aids no carnaval 2012, que ser\u00e1 lan\u00e7ada nesta quinta-feira pelo Minist\u00e9rio da Sa\u00fade. O lan\u00e7amento ser\u00e1 na quadra da Escola de Samba Acad\u00eamicos da Rocinha, no Rio de Janeiro.<\/p>\n","protected":false},"author":1,"featured_media":26059,"comment_status":"open","ping_status":"open","sticky":false,"template":"","format":"standard","meta":{"footnotes":""},"categories":[1],"tags":[5746],"class_list":["post-26060","post","type-post","status-publish","format-standard","has-post-thumbnail","hentry","category-noticias-zeca-dirceu","tag-ministerio-da-saude-lanca-campanha-de-prevencao-da-aids-no-carnaval"],"_links":{"self":[{"href":"https:\/\/teste.bsb.br\/zeca\/wp-json\/wp\/v2\/posts\/26060","targetHints":{"allow":["GET"]}}],"collection":[{"href":"https:\/\/teste.bsb.br\/zeca\/wp-json\/wp\/v2\/posts"}],"about":[{"href":"https:\/\/teste.bsb.br\/zeca\/wp-json\/wp\/v2\/types\/post"}],"author":[{"embeddable":true,"href":"https:\/\/teste.bsb.br\/zeca\/wp-json\/wp\/v2\/users\/1"}],"replies":[{"embeddable":true,"href":"https:\/\/teste.bsb.br\/zeca\/wp-json\/wp\/v2\/comments?post=26060"}],"version-history":[{"count":0,"href":"https:\/\/teste.bsb.br\/zeca\/wp-json\/wp\/v2\/posts\/26060\/revisions"}],"wp:featuredmedia":[{"embeddable":true,"href":"https:\/\/teste.bsb.br\/zeca\/wp-json\/wp\/v2\/media\/26059"}],"wp:attachment":[{"href":"https:\/\/teste.bsb.br\/zeca\/wp-json\/wp\/v2\/media?parent=26060"}],"wp:term":[{"taxonomy":"category","embeddable":true,"href":"https:\/\/teste.bsb.br\/zeca\/wp-json\/wp\/v2\/categories?post=26060"},{"taxonomy":"post_tag","embeddable":true,"href":"https:\/\/teste.bsb.br\/zeca\/wp-json\/wp\/v2\/tags?post=26060"}],"curies":[{"name":"wp","href":"https:\/\/api.w.org\/{rel}","templated":true}]}}