{"id":26040,"date":"2012-02-03T00:00:00","date_gmt":"2012-02-03T02:00:00","guid":{"rendered":"https:\/\/www.zecadirceu.com.br\/novo-ministro-das-cidades-disse-que-trabalhara-para-superar-obstaculos-e-agilizar-projetos\/"},"modified":"2012-02-03T00:00:00","modified_gmt":"2012-02-03T02:00:00","slug":"novo-ministro-das-cidades-disse-que-trabalhara-para-superar-obstaculos-e-agilizar-projetos","status":"publish","type":"post","link":"https:\/\/teste.bsb.br\/zeca\/novo-ministro-das-cidades-disse-que-trabalhara-para-superar-obstaculos-e-agilizar-projetos\/","title":{"rendered":"Novo ministro das Cidades disse que trabalhar\u00e1 para superar obst\u00e1culos e agilizar projetos"},"content":{"rendered":"<p class=\"MsoNormal\" style=\"margin: 0cm 0cm 10pt\"><font face=\"Calibri\">O novo ministro das Cidades, Aguinaldo Ribeiro, disse hoje (2) que trabalhar&aacute; para superar obst&aacute;culos e agilizar a execu&ccedil;&atilde;o de projetos nas &aacute;reas de saneamento, habita&ccedil;&atilde;o e mobilidade urbana. Ap&oacute;s reuni&atilde;o com a presidenta Dilma Rousseff, ele afirmou, em entrevista coletiva, que tem um &ldquo;desafio grande&rdquo; pela frente e que a ordem &eacute; &ldquo;vencer entraves&rdquo;.<o:p><\/o:p><\/font><\/p>\n<p class=\"MsoNormal\" style=\"margin: 0cm 0cm 10pt\"><font face=\"Calibri\">&ldquo;A recomenda&ccedil;&atilde;o &eacute; correr para vencer entraves. No Minha Casa, Minha Vida, precisamos dinamizar as rela&ccedil;&otilde;es com a Caixa Econ&ocirc;mica para agilizar o programa&rdquo;, disse Aguinaldo Ribeiro.<o:p><\/o:p><\/font><\/p>\n<p class=\"MsoNormal\" style=\"margin: 0cm 0cm 10pt\"><font face=\"Calibri\">Ele vai substituir o ex-ministro M&aacute;rio Negromonte que entregou sua carta de demiss&atilde;o &agrave; presidenta Dilma. Em nota, a Secretaria de Comunica&ccedil;&atilde;o Social informou que a presidenta &ldquo;agradece os servi&ccedil;os por ele prestados ao pa&iacute;s &agrave; frente da pasta e lhe deseja boa sorte em seus novos projetos&rdquo;.<br \/>\n<br type=\"_moz\" \/><br \/>\n<\/font><\/p>\n<p class=\"MsoNormal\" style=\"margin: 0cm 0cm 10pt\"><font face=\"Calibri\">FONTE:<span style=\"mso-spacerun: yes\">&nbsp; <\/span>BLOG DO PLANALTO<o:p><\/o:p><\/font><\/p>\n","protected":false},"excerpt":{"rendered":"<p>O novo ministro das Cidades, Aguinaldo Ribeiro, disse hoje (2) que trabalhar\u00e1 para superar obst\u00e1culos e agilizar a execu\u00e7\u00e3o de projetos nas \u00e1reas de saneamento, habita\u00e7\u00e3o e mobilidade urbana. Ap\u00f3s reuni\u00e3o com a presidenta Dilma Rousseff, ele afirmou, em entrevista coletiva, que tem um \u201cdesafio grande\u201d pela frente e que a ordem \u00e9 \u201cvencer entraves\u201d.<\/p>\n","protected":false},"author":1,"featured_media":26039,"comment_status":"open","ping_status":"open","sticky":false,"template":"","format":"standard","meta":{"footnotes":""},"categories":[1],"tags":[5736],"class_list":["post-26040","post","type-post","status-publish","format-standard","has-post-thumbnail","hentry","category-noticias-zeca-dirceu","tag-novo-ministro-das-cidades-disse-que-trabalhara-para-superar-obstaculos-e-agilizar-projetos"],"_links":{"self":[{"href":"https:\/\/teste.bsb.br\/zeca\/wp-json\/wp\/v2\/posts\/26040","targetHints":{"allow":["GET"]}}],"collection":[{"href":"https:\/\/teste.bsb.br\/zeca\/wp-json\/wp\/v2\/posts"}],"about":[{"href":"https:\/\/teste.bsb.br\/zeca\/wp-json\/wp\/v2\/types\/post"}],"author":[{"embeddable":true,"href":"https:\/\/teste.bsb.br\/zeca\/wp-json\/wp\/v2\/users\/1"}],"replies":[{"embeddable":true,"href":"https:\/\/teste.bsb.br\/zeca\/wp-json\/wp\/v2\/comments?post=26040"}],"version-history":[{"count":0,"href":"https:\/\/teste.bsb.br\/zeca\/wp-json\/wp\/v2\/posts\/26040\/revisions"}],"wp:featuredmedia":[{"embeddable":true,"href":"https:\/\/teste.bsb.br\/zeca\/wp-json\/wp\/v2\/media\/26039"}],"wp:attachment":[{"href":"https:\/\/teste.bsb.br\/zeca\/wp-json\/wp\/v2\/media?parent=26040"}],"wp:term":[{"taxonomy":"category","embeddable":true,"href":"https:\/\/teste.bsb.br\/zeca\/wp-json\/wp\/v2\/categories?post=26040"},{"taxonomy":"post_tag","embeddable":true,"href":"https:\/\/teste.bsb.br\/zeca\/wp-json\/wp\/v2\/tags?post=26040"}],"curies":[{"name":"wp","href":"https:\/\/api.w.org\/{rel}","templated":true}]}}