{"id":26030,"date":"2012-02-03T00:00:00","date_gmt":"2012-02-03T02:00:00","guid":{"rendered":"https:\/\/www.zecadirceu.com.br\/professores-do-ensino-medio-serao-os-primeiros-a-usar-o-tablet\/"},"modified":"2012-02-03T00:00:00","modified_gmt":"2012-02-03T02:00:00","slug":"professores-do-ensino-medio-serao-os-primeiros-a-usar-o-tablet","status":"publish","type":"post","link":"https:\/\/teste.bsb.br\/zeca\/professores-do-ensino-medio-serao-os-primeiros-a-usar-o-tablet\/","title":{"rendered":"Professores do ensino m\u00e9dio ser\u00e3o os primeiros a usar o tablet"},"content":{"rendered":"<div style=\"margin: 0cm 0cm 10pt\">O uso de tablet na rede p&uacute;blica de ensino vai come&ccedil;ar pelos professores do ensino m&eacute;dio. A partir do segundo semestre, o Minist&eacute;rio da Educa&ccedil;&atilde;o (MEC) deve iniciar a distribui&ccedil;&atilde;o dos equipamentos para 598.402 docentes.<\/div>\n<div style=\"margin: 0cm 0cm 10pt\">Os primeiros da lista s&atilde;o os professores de escolas que j&aacute; t&ecirc;m internet em alta velocidade (banda larga), que somam 58.700 unidades. A ideia &eacute; o computador port&aacute;til chegar a 62.230 escolas p&uacute;blicas urbanas.<\/div>\n<div style=\"margin: 0cm 0cm 10pt\">Para o MEC, o programa tem mais chances de sucesso se o professor dominar o equipamento e o seu uso, antes de chegar ao aluno. &ldquo;A inclus&atilde;o digital tem que come&ccedil;ar pelo professor. Se ele n&atilde;o avan&ccedil;ar, dificilmente a pedagogia vai avan&ccedil;ar&rdquo;, disse o ministro Aloizio Mercadante.<\/div>\n<div style=\"margin: 0cm 0cm 10pt\">Cursos de capacita&ccedil;&atilde;o presencial e &agrave; dist&acirc;ncia v&atilde;o ser oferecidos ao professor, assim que o aparelho come&ccedil;ar a ser distribu&iacute;do.<\/div>\n<div style=\"margin: 0cm 0cm 10pt\">Com o tablet, o professor poder&aacute; preparar as aulas, acessar a internet e consultar conte&uacute;dos dispon&iacute;veis no equipamento &#8211; revistas pedag&oacute;gicas, 60 livros de educadores, principais jornais do pa&iacute;s e aulas de f&iacute;sica, matem&aacute;tica, biologia e qu&iacute;mica da Khan Academy, organiza&ccedil;&atilde;o n&atilde;o governamental que distribui aulas on-line usadas em todo o mundo.<\/div>\n<div style=\"margin: 0cm 0cm 10pt\"><b>Aulas<\/b><\/div>\n<div style=\"margin: 0cm 0cm 10pt\">As aulas preparadas no tablet, segundo o ministro, ser&atilde;o apresentadas por meio da lousa digital, esp&eacute;cie de retroprojetor combinado com computador, que muitas escolas j&aacute; usam desde o ano passado. No decorrer de 2011, foram entregues 78 mil desses equipamentos.<\/div>\n<div style=\"margin: 0cm 0cm 10pt\">Para o ministro, a tecnologia do tablet, em que os comandos podem ser acionados por meio de toques na tela, &eacute; mais &ldquo;amig&aacute;vel&rdquo; para leitura e acesso &agrave; internet em compara&ccedil;&atilde;o a outros computadores.<\/div>\n<div style=\"margin: 0cm 0cm 10pt\">Com a novidade, Mercadante espera tamb&eacute;m tornar a sala de aula mais atrativa para os adolescentes. &ldquo;O ensino m&eacute;dio &eacute; o grande n&oacute; da educa&ccedil;&atilde;o. Os indicadores n&atilde;o s&atilde;o bons e a evas&atilde;o escolar &eacute; alta. A escola n&atilde;o est&aacute; atrativa para o jovem. Esses equipamentos fazem parte do esfor&ccedil;o para melhorar o ensino m&eacute;dio&rdquo;, diz.<\/div>\n<div style=\"margin: 0cm 0cm 10pt\">Para levar o tablet &agrave; sala de aula, o MEC ir&aacute; desembolsar de R$ 150 milh&otilde;es a R$ 180 milh&otilde;es para comprar at&eacute; 600 mil unidades este ano. Em dezembro passado, o minist&eacute;rio abriu licita&ccedil;&atilde;o para a aquisi&ccedil;&atilde;o de 900 mil aparelhos de fabrica&ccedil;&atilde;o nacional, de 7 e 10 polegadas, com c&acirc;mera, microfone e bateria de seis horas de dura&ccedil;&atilde;o.<\/div>\n<div style=\"margin: 0cm 0cm 10pt\">O governo pagar&aacute; quase R$ 300 pelo tablet de 7 polegadas e aproximadamente R$ 470, pelo de 10 polegadas. No mercado, conforme o minist&eacute;rio, o equipamento de 7 polegadas custa cerca de R$ 800.<\/div>\n<div style=\"margin: 0cm 0cm 10pt\"><b>Compra<\/b><\/div>\n<div style=\"margin: 0cm 0cm 10pt\">Apesar do processo de compra ter sido iniciado no ano passado, Mercadante destaca o programa como uma de suas primeiras a&ccedil;&otilde;es no comando do minist&eacute;rio. &ldquo;Esse programa foi desenhado nesse per&iacute;odo que estou aqui&rdquo;, disse, explicando que a gest&atilde;o do antecessor, Fernando Haddad, lan&ccedil;ou o edital de compra para atender pedidos de estados e munic&iacute;pios.<\/div>\n<div style=\"margin: 0cm 0cm 10pt\">As empresas Digibr&aacute;s e a Positivo venceram a licita&ccedil;&atilde;o. O contrato deve ser fechado somente em abril, ap&oacute;s o Inmetro avaliar se os produtos atendem &agrave;s exig&ecirc;ncias do edital.<\/div>\n<div style=\"margin: 0cm 0cm 10pt\">Depois de distribuir para os professores do ensino m&eacute;dio, o ministro quer entregar os aparelhos para os docentes do ensino fundamental. Ainda n&atilde;o h&aacute; previs&atilde;o sobre quando os alunos receber&atilde;o o equipamento.<\/div>\n<div style=\"margin: 0cm 0cm 10pt\">Apesar da chegada do tablet nas escolas, Mercadante garante que isso n&atilde;o significa o fim do Programa Um Computador por Aluno (UCA), que distribui laptop aos estudantes.<\/div>\n<div style=\"margin: 0cm 0cm 10pt\">FONTE: AG&Ecirc;NCIA BRASIL<\/div>\n<div style=\"margin: 0cm 0cm 10pt\">&nbsp;<\/div>\n","protected":false},"excerpt":{"rendered":"<p>O uso de tablet na rede p\u00fablica de ensino vai come\u00e7ar pelos professores do ensino m\u00e9dio. A partir do segundo semestre, o Minist\u00e9rio da Educa\u00e7\u00e3o (MEC) deve iniciar a distribui\u00e7\u00e3o dos equipamentos para 598.402 docentes.<\/p>\n","protected":false},"author":1,"featured_media":26029,"comment_status":"open","ping_status":"open","sticky":false,"template":"","format":"standard","meta":{"footnotes":""},"categories":[1],"tags":[5734],"class_list":["post-26030","post","type-post","status-publish","format-standard","has-post-thumbnail","hentry","category-noticias-zeca-dirceu","tag-professores-do-ensino-medio-serao-os-primeiros-a-usar-o-tablet"],"_links":{"self":[{"href":"https:\/\/teste.bsb.br\/zeca\/wp-json\/wp\/v2\/posts\/26030","targetHints":{"allow":["GET"]}}],"collection":[{"href":"https:\/\/teste.bsb.br\/zeca\/wp-json\/wp\/v2\/posts"}],"about":[{"href":"https:\/\/teste.bsb.br\/zeca\/wp-json\/wp\/v2\/types\/post"}],"author":[{"embeddable":true,"href":"https:\/\/teste.bsb.br\/zeca\/wp-json\/wp\/v2\/users\/1"}],"replies":[{"embeddable":true,"href":"https:\/\/teste.bsb.br\/zeca\/wp-json\/wp\/v2\/comments?post=26030"}],"version-history":[{"count":0,"href":"https:\/\/teste.bsb.br\/zeca\/wp-json\/wp\/v2\/posts\/26030\/revisions"}],"wp:featuredmedia":[{"embeddable":true,"href":"https:\/\/teste.bsb.br\/zeca\/wp-json\/wp\/v2\/media\/26029"}],"wp:attachment":[{"href":"https:\/\/teste.bsb.br\/zeca\/wp-json\/wp\/v2\/media?parent=26030"}],"wp:term":[{"taxonomy":"category","embeddable":true,"href":"https:\/\/teste.bsb.br\/zeca\/wp-json\/wp\/v2\/categories?post=26030"},{"taxonomy":"post_tag","embeddable":true,"href":"https:\/\/teste.bsb.br\/zeca\/wp-json\/wp\/v2\/tags?post=26030"}],"curies":[{"name":"wp","href":"https:\/\/api.w.org\/{rel}","templated":true}]}}