{"id":26024,"date":"2012-02-03T00:00:00","date_gmt":"2012-02-03T02:00:00","guid":{"rendered":"https:\/\/www.zecadirceu.com.br\/ex-presidente-lula-lancara-memorial-da-democracia\/"},"modified":"2012-02-03T00:00:00","modified_gmt":"2012-02-03T02:00:00","slug":"ex-presidente-lula-lancara-memorial-da-democracia","status":"publish","type":"post","link":"https:\/\/teste.bsb.br\/zeca\/ex-presidente-lula-lancara-memorial-da-democracia\/","title":{"rendered":"Ex-presidente Lula lan\u00e7ar\u00e1 Memorial da Democracia"},"content":{"rendered":"<div style=\"margin: 0cm 0cm 10pt\">O Memorial da Democracia ser&aacute; um museu aberto a toda a popula&ccedil;&atilde;o, com um formato de apresenta&ccedil;&atilde;o multim&iacute;dia e interativo. Mostrar&aacute; a hist&oacute;ria da luta pela democracia em nosso pa&iacute;s. Ser&aacute; constru&iacute;do e mantido pelo Instituto Lula, em terreno cedido pela Prefeitura Municipal de S&atilde;o Paulo nas proximidades da Esta&ccedil;&atilde;o da Luz, seguindo desenho institucional a ser definido entre poder p&uacute;blico e a entidade respons&aacute;vel pela iniciativa.<\/div>\n<div style=\"margin: 0cm 0cm 10pt\">O Memorial da Democracia difundir&aacute; e dar&aacute; visibilidade p&uacute;blica &agrave; cultura pol&iacute;tica democr&aacute;tica. A mem&oacute;ria hist&oacute;rica constitui um precioso recurso &agrave; disposi&ccedil;&atilde;o de todos os cidad&atilde;os interessados em contribuir para a consolida&ccedil;&atilde;o e fortalecimento da vida democr&aacute;tica. A longa caminhada que interligou gera&ccedil;&otilde;es sucessivas na constru&ccedil;&atilde;o de um Brasil livre, soberano e independente ainda &eacute; pouco conhecida por nosso povo, sobretudo pelos jovens.<\/div>\n<div style=\"margin: 0cm 0cm 10pt\">Zumbi dos Palmares, Tiradentes, Frei Caneca, o advento republicano, Canudos, a resist&ecirc;ncia durante as duas ditaduras do s&eacute;culo 20, as grandes campanhas c&iacute;vicas do Abolicionismo, Petr&oacute;leo, Anistia, liberdade sindical, Diretas J&aacute;, Constituinte de 1988, Impeachment e a luta pela terra, entre muitos outros, s&atilde;o elos de um processo sem fim, que passa pelo Brasil de hoje e se projeta num futuro de crescente valoriza&ccedil;&atilde;o dos ideais de cidadania, pluralismo, solidariedade, toler&acirc;ncia, equidade, justi&ccedil;a social e n&atilde;o-viol&ecirc;ncia.<\/div>\n<div style=\"margin: 0cm 0cm 10pt\">O Memorial da Democracia colocar&aacute; &agrave; disposi&ccedil;&atilde;o da sociedade brasileira e tamb&eacute;m aos turistas de outros pa&iacute;ses todo o acervo documental referente aos oito anos de mandato do Presidente Lula, com objetividade historiogr&aacute;fica e rigor museol&oacute;gico, sem nenhuma concess&atilde;o a enfoques manique&iacute;stas ou partidarizados. Al&eacute;m disso, propiciar&aacute; instrumentos para distintos programas de coleta e sistematiza&ccedil;&atilde;o de depoimentos sobre a hist&oacute;ria mais recente da reconstru&ccedil;&atilde;o democr&aacute;tica no Brasil.<\/div>\n<div style=\"margin: 0cm 0cm 10pt\">O acervo documental ser&aacute; aberto &agrave; visita&ccedil;&atilde;o p&uacute;blica por interm&eacute;dio de equipamentos digitais incorporando moderna elabora&ccedil;&atilde;o museol&oacute;gica. Com variados recursos de interatividade, ser&aacute; oferecida aos visitantes uma educativa s&iacute;ntese sobre a caminhada secular do povo brasileiro rumo &agrave; democracia, conjugando entretenimento, enriquecimento cultural e amplia&ccedil;&atilde;o do n&iacute;vel de informa&ccedil;&atilde;o e consci&ecirc;ncia cidad&atilde;. Ao mesmo tempo, ser&aacute; poss&iacute;vel percorrer virtualmente todas as exposi&ccedil;&otilde;es e acessar documentos, fotos e filmes atrav&eacute;s do s&iacute;tio internet do Memorial.<\/div>\n<div style=\"margin: 0cm 0cm 10pt\">Al&eacute;m dos espa&ccedil;os expositivos, o projeto inicial tamb&eacute;m prev&ecirc; a estrutura&ccedil;&atilde;o de um Centro de Pesquisa e Documenta&ccedil;&atilde;o e uma &aacute;rea de cursos r&aacute;pidos sobre variados temas da educa&ccedil;&atilde;o democr&aacute;tica.<\/div>\n<div style=\"margin: 0cm 0cm 10pt\">O Instituto Lula assumir&aacute; todos os custos da constru&ccedil;&atilde;o de um edif&iacute;cio de alta excel&ecirc;ncia arquitet&ocirc;nica para abrigar o Memorial da Democracia, na regi&atilde;o da Luz, no centro de S&atilde;o Paulo, com f&aacute;cil acesso ao sistema p&uacute;blico de transporte: metr&ocirc;, trens e &ocirc;nibus. O terreno ser&aacute; disponibilizado pela Prefeitura de S&atilde;o Paulo, atrav&eacute;s de concess&atilde;o administrativa, sem transfer&ecirc;ncia de propriedade sobre o solo. O Instituto Lula se responsabilizar&aacute; pela aquisi&ccedil;&atilde;o de todos os equipamentos do Memorial e pela sua opera&ccedil;&atilde;o, sendo a gest&atilde;o compartilhada com o poder p&uacute;blico municipal e, possivelmente, incluindo parcerias com os governos estadual e federal, atrav&eacute;s das respectivas &aacute;reas de Educa&ccedil;&atilde;o e Cultura, n&atilde;o importando a composi&ccedil;&atilde;o partid&aacute;ria nos Executivos dos tr&ecirc;s entes federados em cada momento.<\/div>\n<div style=\"margin: 0cm 0cm 10pt\">Espa&ccedil;os compar&aacute;veis ao projeto do Memorial t&ecirc;m se mostrado bem sucedidos e servir&atilde;o de refer&ecirc;ncia &agrave; sua concep&ccedil;&atilde;o. Na cidade de S&atilde;o Paulo, cabe citar o Museu da L&iacute;ngua Portuguesa, o Museu do Futebol e o Memorial do Imigrante. Em outros pa&iacute;ses, despontam como polos de atra&ccedil;&atilde;o o Museu do Apartheid, em Johannesburg, os Museus do Holocausto de Washington, Jerusal&eacute;m e Berlim, o Museu da Resist&ecirc;ncia, em Vars&oacute;via, o Museu dos Direitos Civis, em Memphis, dedicado &aacute; mem&oacute;ria de Martin Luther King. E muitos outros.<\/div>\n<div style=\"margin: 0cm 0cm 10pt\">FONTE: INSTITUTO LULA<\/div>\n","protected":false},"excerpt":{"rendered":"<p>O Memorial da Democracia ser\u00e1 um museu aberto a toda a popula\u00e7\u00e3o, com um formato de apresenta\u00e7\u00e3o multim\u00eddia e interativo. Mostrar\u00e1 a hist\u00f3ria da luta pela democracia em nosso pa\u00eds. Ser\u00e1 constru\u00eddo e mantido pelo Instituto Lula, em terreno cedido pela Prefeitura Municipal de S\u00e3o Paulo nas proximidades da Esta\u00e7\u00e3o da Luz, seguindo desenho institucional a ser definido entre poder p\u00fablico e a entidade respons\u00e1vel pela iniciativa.<\/p>\n","protected":false},"author":1,"featured_media":26023,"comment_status":"open","ping_status":"open","sticky":false,"template":"","format":"standard","meta":{"footnotes":""},"categories":[1],"tags":[5732],"class_list":["post-26024","post","type-post","status-publish","format-standard","has-post-thumbnail","hentry","category-noticias-zeca-dirceu","tag-ex-presidente-lula-lancara-memorial-da-democracia"],"_links":{"self":[{"href":"https:\/\/teste.bsb.br\/zeca\/wp-json\/wp\/v2\/posts\/26024","targetHints":{"allow":["GET"]}}],"collection":[{"href":"https:\/\/teste.bsb.br\/zeca\/wp-json\/wp\/v2\/posts"}],"about":[{"href":"https:\/\/teste.bsb.br\/zeca\/wp-json\/wp\/v2\/types\/post"}],"author":[{"embeddable":true,"href":"https:\/\/teste.bsb.br\/zeca\/wp-json\/wp\/v2\/users\/1"}],"replies":[{"embeddable":true,"href":"https:\/\/teste.bsb.br\/zeca\/wp-json\/wp\/v2\/comments?post=26024"}],"version-history":[{"count":0,"href":"https:\/\/teste.bsb.br\/zeca\/wp-json\/wp\/v2\/posts\/26024\/revisions"}],"wp:featuredmedia":[{"embeddable":true,"href":"https:\/\/teste.bsb.br\/zeca\/wp-json\/wp\/v2\/media\/26023"}],"wp:attachment":[{"href":"https:\/\/teste.bsb.br\/zeca\/wp-json\/wp\/v2\/media?parent=26024"}],"wp:term":[{"taxonomy":"category","embeddable":true,"href":"https:\/\/teste.bsb.br\/zeca\/wp-json\/wp\/v2\/categories?post=26024"},{"taxonomy":"post_tag","embeddable":true,"href":"https:\/\/teste.bsb.br\/zeca\/wp-json\/wp\/v2\/tags?post=26024"}],"curies":[{"name":"wp","href":"https:\/\/api.w.org\/{rel}","templated":true}]}}