{"id":26016,"date":"2012-02-04T00:00:00","date_gmt":"2012-02-04T02:00:00","guid":{"rendered":"https:\/\/www.zecadirceu.com.br\/no-proximo-dia-10-em-brasiliao-pt-iniciara-mobilizacao-rumo-a-disputa-eleitoral-de-2012\/"},"modified":"2012-02-04T00:00:00","modified_gmt":"2012-02-04T02:00:00","slug":"no-proximo-dia-10-em-brasiliao-pt-iniciara-mobilizacao-rumo-a-disputa-eleitoral-de-2012","status":"publish","type":"post","link":"https:\/\/teste.bsb.br\/zeca\/no-proximo-dia-10-em-brasiliao-pt-iniciara-mobilizacao-rumo-a-disputa-eleitoral-de-2012\/","title":{"rendered":"No pr\u00f3ximo dia 10, em Bras\u00edlia,o PT iniciar\u00e1 mobiliza\u00e7\u00e3o rumo \u00e0 disputa eleitoral de 2012"},"content":{"rendered":"<div>O Partido dos Trabalhadores inicia a sua mobiliza&ccedil;&atilde;o rumo &agrave; disputa eleitoral em 2012 com a realiza&ccedil;&atilde;o no pr&oacute;ximo dia 10 de fevereiro, data de anivers&aacute;rio do Partido, do Encontro Nacional de Prefeitos\/as e Deputados\/as Estaduais, em Bras&iacute;lia.<\/div>\n<div>&nbsp;<\/div>\n<div>O Encontro, coordenado pela Secretaria Nacional de Assuntos Institucionais do PT (SNAI), ter&aacute; mesas de debates regionais com os prefeitos e um encontro dos deputados petistas pela manh&atilde;. &Agrave; tarde haver&aacute; uma grande plen&aacute;ria com todos os participantes para debater as estrat&eacute;gias pol&iacute;ticas para a disputa eleitoral.<\/div>\n<div>&nbsp;<\/div>\n<div>O titular da Secretaria de Assuntos Institucionais, Geraldo Magela, reafirma a sua expectativa de sucesso com rela&ccedil;&atilde;o ao Encontro.<\/div>\n<div>&nbsp;<\/div>\n<div>&ldquo;A nossa expectativa &eacute; extremamente positiva. Este ser&aacute; um grande momento para reunir lideran&ccedil;as, gestores e parlamentares para que possamos discutir os cen&aacute;rios atuais e definir a estrat&eacute;gia pol&iacute;tica para as elei&ccedil;&otilde;es municipais deste ano. A meta priorit&aacute;ria do PT &eacute; garantir a vit&oacute;ria nos grandes, m&eacute;dios e pequenos munic&iacute;pios brasileiros onde n&oacute;s j&aacute; governamos e nos que ainda n&atilde;o somos governo. Vamos fortalecer ainda mais o PT, que faz 32 anos justamente no momento em que as experi&ecirc;ncias positivas do Modo Petista de Governar j&aacute; se tornaram uma refer&ecirc;ncia nacional e at&eacute; mesmo internacional&rdquo;, enfatiza.<\/div>\n<div>&nbsp;<\/div>\n<div>De acordo com a SNAI j&aacute; foram confirmadas as presen&ccedil;as de cerca de 500 pessoas, entre prefeitos e parlamentares de todas as regi&otilde;es do Pa&iacute;s. Tamb&eacute;m est&aacute; confirmada a participa&ccedil;&atilde;o de lideran&ccedil;as pol&iacute;ticas nacionais do PT durante todo o dia do evento. Ao final ser&aacute; realizado o Ato Comemorativo do 32&ordm; Anivers&aacute;rio do PT.<\/div>\n<div>&nbsp;<\/div>\n<div><strong><br \/>\n<\/strong><\/div>\n<div><strong>Servi&ccedil;o<\/strong><\/div>\n<div>Encontro Nacional de Prefeitos\/as e Deputados\/as Estaduais<\/div>\n<div>Local: Centro de Conven&ccedil;&otilde;es Brasil 21<\/div>\n<div>SHS Quadra 06, Lote 01, Conjunto A, Setor Hoteleiro Sul<\/div>\n<div>Bras&iacute;lia, Distrito Federal<\/div>\n<div>Mais informa&ccedil;&otilde;es: (61) 3213-1314 &nbsp; &#8211; &nbsp;e-mail: snai@pt.org.br&nbsp;<\/p>\n<p>Fonte: Portal do PT Nacional<\/p><\/div>\n","protected":false},"excerpt":{"rendered":"<p>O Partido dos Trabalhadores inicia a sua mobiliza\u00e7\u00e3o rumo \u00e0 disputa eleitoral em 2012 com a realiza\u00e7\u00e3o no pr\u00f3ximo dia 10 de fevereiro, data de anivers\u00e1rio do Partido, do Encontro Nacional de Prefeitos\/as e Deputados\/as Estaduais, em Bras\u00edlia.<\/p>\n","protected":false},"author":1,"featured_media":26015,"comment_status":"open","ping_status":"open","sticky":false,"template":"","format":"standard","meta":{"footnotes":""},"categories":[1],"tags":[4209,140,117],"class_list":["post-26016","post","type-post","status-publish","format-standard","has-post-thumbnail","hentry","category-noticias-zeca-dirceu","tag-4209","tag-eleicoes","tag-pt"],"_links":{"self":[{"href":"https:\/\/teste.bsb.br\/zeca\/wp-json\/wp\/v2\/posts\/26016","targetHints":{"allow":["GET"]}}],"collection":[{"href":"https:\/\/teste.bsb.br\/zeca\/wp-json\/wp\/v2\/posts"}],"about":[{"href":"https:\/\/teste.bsb.br\/zeca\/wp-json\/wp\/v2\/types\/post"}],"author":[{"embeddable":true,"href":"https:\/\/teste.bsb.br\/zeca\/wp-json\/wp\/v2\/users\/1"}],"replies":[{"embeddable":true,"href":"https:\/\/teste.bsb.br\/zeca\/wp-json\/wp\/v2\/comments?post=26016"}],"version-history":[{"count":0,"href":"https:\/\/teste.bsb.br\/zeca\/wp-json\/wp\/v2\/posts\/26016\/revisions"}],"wp:featuredmedia":[{"embeddable":true,"href":"https:\/\/teste.bsb.br\/zeca\/wp-json\/wp\/v2\/media\/26015"}],"wp:attachment":[{"href":"https:\/\/teste.bsb.br\/zeca\/wp-json\/wp\/v2\/media?parent=26016"}],"wp:term":[{"taxonomy":"category","embeddable":true,"href":"https:\/\/teste.bsb.br\/zeca\/wp-json\/wp\/v2\/categories?post=26016"},{"taxonomy":"post_tag","embeddable":true,"href":"https:\/\/teste.bsb.br\/zeca\/wp-json\/wp\/v2\/tags?post=26016"}],"curies":[{"name":"wp","href":"https:\/\/api.w.org\/{rel}","templated":true}]}}