{"id":26008,"date":"2012-02-05T00:00:00","date_gmt":"2012-02-05T02:00:00","guid":{"rendered":"https:\/\/www.zecadirceu.com.br\/adesao-ao-cadastro-pro-etica-pode-ser-feita-ate-12-de-marco\/"},"modified":"2012-02-05T00:00:00","modified_gmt":"2012-02-05T02:00:00","slug":"adesao-ao-cadastro-pro-etica-pode-ser-feita-ate-12-de-marco","status":"publish","type":"post","link":"https:\/\/teste.bsb.br\/zeca\/adesao-ao-cadastro-pro-etica-pode-ser-feita-ate-12-de-marco\/","title":{"rendered":"Ades\u00e3o ao Cadastro Pr\u00f3-\u00c9tica pode ser feita at\u00e9 12 de mar\u00e7o"},"content":{"rendered":"<p>Empresas interessadas em participar da pr&oacute;xima rodada de avalia&ccedil;&atilde;o do Cadastro Empresa Pr&oacute;-&Eacute;tica devem submeter o question&aacute;rio at&eacute; 12 de mar&ccedil;o. O pedido de ades&atilde;o &eacute; volunt&aacute;rio e as companhias empenhadas em participar devem, primeiramente, preencher o formul&aacute;rio eletr&ocirc;nico.<\/p>\n<p class=\"MsoNormal\">Ap&oacute;s a aprova&ccedil;&atilde;o das informa&ccedil;&otilde;es, o representante da empresa receber&aacute; login e senha para acesso &agrave; &aacute;rea restrita da p&aacute;gina em que ele poder&aacute; responder, de forma automatizada, um question&aacute;rio. S&atilde;o 65 perguntas sobre a implementa&ccedil;&atilde;o de medidas de integridade e anticorrup&ccedil;&atilde;o. Para cada item, a empresa ter&aacute; de encaminhar informa&ccedil;&otilde;es e documenta&ccedil;&atilde;o que atestem os dados prestados.<\/p>\n<p class=\"MsoNormal\">O Cadastro Pr&oacute;-&Eacute;tica &eacute; uma iniciativa da Controladoria-Geral da Uni&atilde;o (CGU) e do Instituto Ethos com o objetivo de incentivar a ado&ccedil;&atilde;o de pol&iacute;ticas e a&ccedil;&otilde;es que s&atilde;o reconhecidamente desejadas e necess&aacute;rias para se criar um ambiente de integridade que reduza os riscos de ocorr&ecirc;ncia de fraude e corrup&ccedil;&atilde;o e aumente a confian&ccedil;a nas rela&ccedil;&otilde;es entre o setor p&uacute;blico e o privado.&nbsp;&nbsp;<br \/>\n&nbsp;<\/p>\n<p class=\"MsoNormal\">Secom<\/p>\n","protected":false},"excerpt":{"rendered":"<p>Empresas interessadas em participar da pr\u00f3xima rodada de avalia\u00e7\u00e3o do Cadastro Empresa Pr\u00f3-\u00c9tica devem submeter o question\u00e1rio at\u00e9 12 de mar\u00e7o. O pedido de ades\u00e3o \u00e9 volunt\u00e1rio e as companhias empenhadas em participar devem, primeiramente, preencher o formul\u00e1rio eletr\u00f4nico.O Cadastro Pr\u00f3-\u00c9tica \u00e9 uma iniciativa da Controladoria-Geral da Uni\u00e3o (CGU) e do Instituto Ethos com o objetivo de incentivar a ado\u00e7\u00e3o de pol\u00edticas e a\u00e7\u00f5es de confian\u00e7a nas rela\u00e7\u00f5es entre o setor p\u00fablico e o privado.<\/p>\n","protected":false},"author":1,"featured_media":26007,"comment_status":"open","ping_status":"open","sticky":false,"template":"","format":"standard","meta":{"footnotes":""},"categories":[1],"tags":[5728],"class_list":["post-26008","post","type-post","status-publish","format-standard","has-post-thumbnail","hentry","category-noticias-zeca-dirceu","tag-adesao-ao-cadastro-pro-etica-pode-ser-feita-ate-12-de-marco"],"_links":{"self":[{"href":"https:\/\/teste.bsb.br\/zeca\/wp-json\/wp\/v2\/posts\/26008","targetHints":{"allow":["GET"]}}],"collection":[{"href":"https:\/\/teste.bsb.br\/zeca\/wp-json\/wp\/v2\/posts"}],"about":[{"href":"https:\/\/teste.bsb.br\/zeca\/wp-json\/wp\/v2\/types\/post"}],"author":[{"embeddable":true,"href":"https:\/\/teste.bsb.br\/zeca\/wp-json\/wp\/v2\/users\/1"}],"replies":[{"embeddable":true,"href":"https:\/\/teste.bsb.br\/zeca\/wp-json\/wp\/v2\/comments?post=26008"}],"version-history":[{"count":0,"href":"https:\/\/teste.bsb.br\/zeca\/wp-json\/wp\/v2\/posts\/26008\/revisions"}],"wp:featuredmedia":[{"embeddable":true,"href":"https:\/\/teste.bsb.br\/zeca\/wp-json\/wp\/v2\/media\/26007"}],"wp:attachment":[{"href":"https:\/\/teste.bsb.br\/zeca\/wp-json\/wp\/v2\/media?parent=26008"}],"wp:term":[{"taxonomy":"category","embeddable":true,"href":"https:\/\/teste.bsb.br\/zeca\/wp-json\/wp\/v2\/categories?post=26008"},{"taxonomy":"post_tag","embeddable":true,"href":"https:\/\/teste.bsb.br\/zeca\/wp-json\/wp\/v2\/tags?post=26008"}],"curies":[{"name":"wp","href":"https:\/\/api.w.org\/{rel}","templated":true}]}}