{"id":26002,"date":"2012-02-05T00:00:00","date_gmt":"2012-02-05T02:00:00","guid":{"rendered":"https:\/\/www.zecadirceu.com.br\/zeca-formaliza-em-ivate-recursos-para-construcao-de-aterro-sanitario\/"},"modified":"2012-02-05T00:00:00","modified_gmt":"2012-02-05T02:00:00","slug":"zeca-formaliza-em-ivate-recursos-para-construcao-de-aterro-sanitario","status":"publish","type":"post","link":"https:\/\/teste.bsb.br\/zeca\/zeca-formaliza-em-ivate-recursos-para-construcao-de-aterro-sanitario\/","title":{"rendered":"Zeca formaliza, em Ivat\u00e9, recursos para constru\u00e7\u00e3o de aterro sanit\u00e1rio"},"content":{"rendered":"<p>&nbsp;O deputado federal Zeca Dirceu (PT-PR) visitou nesta sexta-feira, 03, o munic&iacute;pio de Ivat&eacute;. Na oportunidade oficializou a aprova&ccedil;&atilde;o do projeto do munic&iacute;pio para a constru&ccedil;&atilde;o do aterro sanit&aacute;rio, aprovado pelo Minist&eacute;rio da Sa&uacute;de, atrav&eacute;s da Funda&ccedil;&atilde;o Nacional de Sa&uacute;de (Funasa). O parlamentar foi recepcionado pelo prefeito Sidinei Delai e pela vereadora Maria Cla&uacute;dia Pedrozo (PT- PR). A formaliza&ccedil;&atilde;o aconteceu na C&acirc;mara Municipal de Vereadores e contou com a presen&ccedil;a da comunidade.<\/p>\n<p class=\"MsoNormal\">Foram liberados para Ivat&eacute; a ordem de R$ 245 mil para a constru&ccedil;&atilde;o do aterro sanit&aacute;rio do munic&iacute;pio, atrav&eacute;s da Funasa. Esta tratativa acompanhada pelo deputado Zeca Dirceu, em Bras&iacute;lia, foi aprovada nos &uacute;ltimos dias de 2011. &ldquo;Fizemos um esfor&ccedil;o grande para contemplar Ivat&eacute;, com este recurso, e a Funasa entendeu a necessidade de liberar as verbas porque atendem uma &aacute;rea priorit&aacute;ria, que &eacute; a de res&iacute;duos s&oacute;lidos, que impactam diretamente na qualidade de vida da popula&ccedil;&atilde;o beneficiada. &Eacute; uma conquista muito importante para a Sa&uacute;de da popula&ccedil;&atilde;o&rdquo;, afirmou o parlamentar.<o:p><\/o:p><\/p>\n<p class=\"MsoNormal\">O prefeito Sidinei Delai agradeceu o parlamentar. &ldquo;Parabenizo o deputado Zeca Dirceu pela coragem e por querer trabalhar pelo munic&iacute;pio&rdquo;, destacou o prefeito.<\/p>\n<p class=\"MsoNormal\">A vereadora Maria Cla&uacute;dia Pedrozo (Claudinha) lembrou da import&acirc;ncia da representa&ccedil;&atilde;o do Partido dos Trabalhos (PT) no munic&iacute;pio. &ldquo;N&atilde;o h&aacute; distin&ccedil;&atilde;o para o trabalho do deputado Zeca Dirceu. Ele quer resultados para toda a regi&atilde;o onde atua, e Ivat&eacute; est&aacute; entre as prioridades do parlamentar&rdquo;, explicou a vereadora.<\/p>\n<p class=\"MsoNormal\">Durante o encontro o deputado Zeca Dirceu falou sobre a import&acirc;ncia dos Programas Federais. Explicou que a segunda fase do PAC 2, estabelecida pelo Governo Federal, abrange o per&iacute;odo de 2011 a 2014. E a Funasa participa do PAC por meio de a&ccedil;&otilde;es de abastecimento de &aacute;gua, esgotamento sanit&aacute;rio (solu&ccedil;&otilde;es coletivas e est&aacute;ticas) e elabora&ccedil;&atilde;o de projetos de abastecimento de &aacute;gua e esgotamento sanit&aacute;rio.<\/p>\n<p class=\"MsoNormal\">O parlamentar, tamb&eacute;m, ressaltou a aceita&ccedil;&atilde;o da presidenta Dilma Rousseff, que segundo pesquisas, tem 72% de aprova&ccedil;&atilde;o do povo brasileiro.<\/p>\n<p class=\"MsoNormal\">A comunidade p&ocirc;de conversar com o deputado e interagir com perguntas.<\/p>\n<p class=\"MsoNormal\">O ato que formalizou a entrega do documento oficial ao prefeito Delai contou com a presen&ccedil;a de vereadores do munic&iacute;pio.<\/p>\n<p class=\"MsoNormal\">Zeca Dirceu foi homenageado com faixas de agradecimento e uma poesia durante o encontro.<o:p><\/o:p><\/p>\n","protected":false},"excerpt":{"rendered":"<p>O deputado federal Zeca Dirceu (PT-PR) visitou nesta sexta-feira, 03, o munic\u00edpio de Ivat\u00e9. Na oportunidade oficializou a aprova\u00e7\u00e3o do projeto do munic\u00edpio para a constru\u00e7\u00e3o do aterro sanit\u00e1rio, aprovado pelo Minist\u00e9rio da Sa\u00fade, atrav\u00e9s da Funda\u00e7\u00e3o Nacional de Sa\u00fade (Funasa). O parlamentar foi recepcionado pelo prefeito Sidinei Delai e pela vereadora Maria Cla\u00fadia Pedrozo (PT- PR). A formaliza\u00e7\u00e3o aconteceu na C\u00e2mara Municipal de Vereadores e contou com a presen\u00e7a da comunidade.<\/p>\n","protected":false},"author":1,"featured_media":26001,"comment_status":"open","ping_status":"open","sticky":false,"template":"","format":"standard","meta":{"footnotes":""},"categories":[1],"tags":[5725,5726,5724],"class_list":["post-26002","post","type-post","status-publish","format-standard","has-post-thumbnail","hentry","category-noticias-zeca-dirceu","tag-em-ivate","tag-recursos-para-construcao-de-aterro-sanitario","tag-zeca-formaliza"],"_links":{"self":[{"href":"https:\/\/teste.bsb.br\/zeca\/wp-json\/wp\/v2\/posts\/26002","targetHints":{"allow":["GET"]}}],"collection":[{"href":"https:\/\/teste.bsb.br\/zeca\/wp-json\/wp\/v2\/posts"}],"about":[{"href":"https:\/\/teste.bsb.br\/zeca\/wp-json\/wp\/v2\/types\/post"}],"author":[{"embeddable":true,"href":"https:\/\/teste.bsb.br\/zeca\/wp-json\/wp\/v2\/users\/1"}],"replies":[{"embeddable":true,"href":"https:\/\/teste.bsb.br\/zeca\/wp-json\/wp\/v2\/comments?post=26002"}],"version-history":[{"count":0,"href":"https:\/\/teste.bsb.br\/zeca\/wp-json\/wp\/v2\/posts\/26002\/revisions"}],"wp:featuredmedia":[{"embeddable":true,"href":"https:\/\/teste.bsb.br\/zeca\/wp-json\/wp\/v2\/media\/26001"}],"wp:attachment":[{"href":"https:\/\/teste.bsb.br\/zeca\/wp-json\/wp\/v2\/media?parent=26002"}],"wp:term":[{"taxonomy":"category","embeddable":true,"href":"https:\/\/teste.bsb.br\/zeca\/wp-json\/wp\/v2\/categories?post=26002"},{"taxonomy":"post_tag","embeddable":true,"href":"https:\/\/teste.bsb.br\/zeca\/wp-json\/wp\/v2\/tags?post=26002"}],"curies":[{"name":"wp","href":"https:\/\/api.w.org\/{rel}","templated":true}]}}