{"id":26000,"date":"2012-02-05T00:00:00","date_gmt":"2012-02-05T02:00:00","guid":{"rendered":"https:\/\/www.zecadirceu.com.br\/blog-do-ze-dirceu-lanca-twitter\/"},"modified":"2012-02-05T00:00:00","modified_gmt":"2012-02-05T02:00:00","slug":"blog-do-ze-dirceu-lanca-twitter","status":"publish","type":"post","link":"https:\/\/teste.bsb.br\/zeca\/blog-do-ze-dirceu-lanca-twitter\/","title":{"rendered":"Blog do Z\u00e9 Dirceu lan\u00e7a Twitter"},"content":{"rendered":"<p><span style=\"color: rgb(65, 65, 66); font-family: arial; \">H&aacute; muito tempo venho recebendo pedidos de amigos e apoiadores para criar um novo canal de comunica&ccedil;&atilde;o que diminu&iacute;sse a dist&acirc;ncia do blog www.zedirceu.com.br de seus leitores. H&aacute; seis anos na internet, a justa reivindica&ccedil;&atilde;o era a de torn&aacute;-lo ainda mais pr&oacute;ximo dos que o leem e que querem contribuir diretamente para uma discuss&atilde;o sobre o Brasil. A aposta mais certeira era a de estrearmos no Twitter, um espa&ccedil;o que facilita&nbsp; um di&aacute;logo mais &aacute;gil e direto.<\/span><br style=\"color: rgb(65, 65, 66); font-family: arial; \" \/><br \/>\n<br style=\"color: rgb(65, 65, 66); font-family: arial; \" \/><br \/>\n<span style=\"color: rgb(65, 65, 66); font-family: arial; \">Neste entusiasmo, um apoiador antecipou-se. No ano passado, chegou a fazer um perfil do meu blog no Twitter. Agora, fico feliz em anunciar que iremos assumir o perfil&nbsp;<\/span><a href=\"https:\/\/twitter.com\/BlogdoZeDirceu\" style=\"color: rgb(102, 153, 204); text-decoration: none; font-family: arial; font-size: 13px; font-weight: bold; \">@BlogdoZeDirceu<\/a><span style=\"color: rgb(65, 65, 66); font-family: arial; \">. De hoje em diante, ele ser&aacute; oficialmente administrado pela mesma equipe que &eacute; respons&aacute;vel pelo meu blog.<\/span><br style=\"color: rgb(65, 65, 66); font-family: arial; \" \/><br \/>\n<br style=\"color: rgb(65, 65, 66); font-family: arial; \" \/><br \/>\n<span style=\"color: rgb(65, 65, 66); font-family: arial; \">Convido voc&ecirc;s, portanto, a acompanharem o perfil do meu blog na rede social. Ele reproduzir&aacute; as opini&otilde;es e ideias que divulgo diariamente aqui, neste espa&ccedil;o. E aguarda seus coment&aacute;rios, pensamentos e reflex&otilde;es acerca dos melhores caminhos para o pa&iacute;s. Como j&aacute; o fazemos aqui no Blog, desde 2006.<\/p>\n<p>Blog do Z&eacute;<br type=\"_moz\" \/><br \/>\n<\/span><\/p>\n","protected":false},"excerpt":{"rendered":"<p>H\u00e1 muito tempo venho recebendo pedidos de amigos e apoiadores para criar um novo canal de comunica\u00e7\u00e3o que diminu\u00edsse a dist\u00e2ncia do blog www.zedirceu.com.br de seus leitores. H\u00e1 seis anos na internet, a justa reivindica\u00e7\u00e3o era a de torn\u00e1-lo ainda mais pr\u00f3ximo dos que o leem e que querem contribuir diretamente para uma discuss\u00e3o sobre o Brasil. A aposta mais certeira era a de estrearmos no Twitter, um espa\u00e7o que facilita  um di\u00e1logo mais \u00e1gil e direto.<\/p>\n","protected":false},"author":1,"featured_media":25999,"comment_status":"open","ping_status":"open","sticky":false,"template":"","format":"standard","meta":{"footnotes":""},"categories":[1],"tags":[5723],"class_list":["post-26000","post","type-post","status-publish","format-standard","has-post-thumbnail","hentry","category-noticias-zeca-dirceu","tag-blog-do-ze-lanca-twitter"],"_links":{"self":[{"href":"https:\/\/teste.bsb.br\/zeca\/wp-json\/wp\/v2\/posts\/26000","targetHints":{"allow":["GET"]}}],"collection":[{"href":"https:\/\/teste.bsb.br\/zeca\/wp-json\/wp\/v2\/posts"}],"about":[{"href":"https:\/\/teste.bsb.br\/zeca\/wp-json\/wp\/v2\/types\/post"}],"author":[{"embeddable":true,"href":"https:\/\/teste.bsb.br\/zeca\/wp-json\/wp\/v2\/users\/1"}],"replies":[{"embeddable":true,"href":"https:\/\/teste.bsb.br\/zeca\/wp-json\/wp\/v2\/comments?post=26000"}],"version-history":[{"count":0,"href":"https:\/\/teste.bsb.br\/zeca\/wp-json\/wp\/v2\/posts\/26000\/revisions"}],"wp:featuredmedia":[{"embeddable":true,"href":"https:\/\/teste.bsb.br\/zeca\/wp-json\/wp\/v2\/media\/25999"}],"wp:attachment":[{"href":"https:\/\/teste.bsb.br\/zeca\/wp-json\/wp\/v2\/media?parent=26000"}],"wp:term":[{"taxonomy":"category","embeddable":true,"href":"https:\/\/teste.bsb.br\/zeca\/wp-json\/wp\/v2\/categories?post=26000"},{"taxonomy":"post_tag","embeddable":true,"href":"https:\/\/teste.bsb.br\/zeca\/wp-json\/wp\/v2\/tags?post=26000"}],"curies":[{"name":"wp","href":"https:\/\/api.w.org\/{rel}","templated":true}]}}