{"id":25996,"date":"2012-02-06T00:00:00","date_gmt":"2012-02-06T02:00:00","guid":{"rendered":"https:\/\/www.zecadirceu.com.br\/dilma-aumento-do-emprego-e-da-renda-e-o-motor-do-crescimento-sustentavel\/"},"modified":"2012-02-06T00:00:00","modified_gmt":"2012-02-06T02:00:00","slug":"dilma-aumento-do-emprego-e-da-renda-e-o-motor-do-crescimento-sustentavel","status":"publish","type":"post","link":"https:\/\/teste.bsb.br\/zeca\/dilma-aumento-do-emprego-e-da-renda-e-o-motor-do-crescimento-sustentavel\/","title":{"rendered":"Dilma: Aumento do emprego e da renda \u00e9 o motor do crescimento sustent\u00e1vel"},"content":{"rendered":"<p>&nbsp;<span style=\"line-height: 150%; \">A gera&ccedil;&atilde;o de emprego, com aumento da renda das fam&iacute;lias, &eacute; o motor do crescimento sustent&aacute;vel, avaliou a presidenta Dilma Rousseff no programa Caf&eacute; com a Presidenta transmitido hoje (6). Segundo ela, esse &eacute; o segredo do sucesso da economia brasileira. O mercado de trabalho, afirmou, teve um &ldquo;excelente desempenho&rdquo; em 2011 com a cria&ccedil;&atilde;o de quase dois milh&otilde;es de empregos com carteira assinada. O desemprego no Brasil, acrescentou a presidenta Dilma, atingiu o n&iacute;vel mais baixo dos &uacute;ltimos dez anos e chegou, em dezembro, a 4,7% &ndash; um recorde hist&oacute;rico.<\/span><\/p>\n<p class=\"MsoNormal\" style=\"margin-bottom:0cm;margin-bottom:.0001pt;line-height:\n150%\"><o:p><\/o:p><\/p>\n<p class=\"MsoNormal\" style=\"margin-bottom:0cm;margin-bottom:.0001pt;line-height:\n150%\">As pessoas melhoram de vida, podem consumir mais; a ind&uacute;stria e o com&eacute;rcio crescem, aumentam o investimento, a produtividade e, assim, constru&iacute;mos um Brasil com mais oportunidades para todos. &Eacute; o que a gente diz sempre: a roda da economia est&aacute; girando e vai continuar girando, porque a maior for&ccedil;a do Brasil &eacute; o seu povo, disse.<o:p><\/o:p><\/p>\n<p class=\"MsoNormal\" style=\"margin-bottom:0cm;margin-bottom:.0001pt;line-height:\n150%\">A presidenta Dilma afirmou que o setor de servi&ccedil;os contratou, em 2011, 925 mil trabalhadores e 452 mil vagas foram abertas no com&eacute;rcio. Na constru&ccedil;&atilde;o civil foram criados 223 mil novos empregos s&oacute; no ano passado. No setor, o n&uacute;mero de trabalhadores com carteira assinada praticamente dobrou nos &uacute;ltimos cinco anos, informou a presidenta. Se, em dezembro de 2006, a constru&ccedil;&atilde;o civil tinha 1,393 milh&atilde;o de trabalhadores formais, em dezembro de 2011, eram 2,732 milh&atilde;o de empregados. <span style=\"font-family:&quot;MS Gothic&quot;;mso-ascii-font-family:\nCalibri;mso-ascii-theme-font:minor-latin;mso-bidi-font-family:Calibri;\nmso-bidi-theme-font:minor-latin\">&#8232;<\/span><o:p><\/o:p><\/p>\n<p class=\"MsoNormal\" style=\"margin-bottom:0cm;margin-bottom:.0001pt;line-height:\n150%\">Tamb&eacute;m, em 2011, o sal&aacute;rio inicial do trabalhador com carteira assinada aumentou, em m&eacute;dia, 3,12% acima da infla&ccedil;&atilde;o na compara&ccedil;&atilde;o com 2010. Na constru&ccedil;&atilde;o, o aumento foi de 37% acima da infla&ccedil;&atilde;o nos &uacute;ltimos cinco anos.<o:p><\/o:p><\/p>\n<p class=\"MsoNormal\" style=\"margin-bottom:0cm;margin-bottom:.0001pt;line-height:\n150%\">Esse aquecimento da constru&ccedil;&atilde;o civil est&aacute; muito ligado aos investimentos do governo nas obras do Programa de Acelera&ccedil;&atilde;o do Crescimento, o PAC, e no Minha Casa Minha Vida, que est&atilde;o movimentando a economia e gerando mais oportunidades de empregos com melhores sal&aacute;rios em todo o Brasil, explicou.<span style=\"font-family:&quot;MS Gothic&quot;;mso-ascii-font-family:Calibri;mso-ascii-theme-font:\nminor-latin;mso-bidi-font-family:Calibri;mso-bidi-theme-font:minor-latin\">&#8232;&#8232;<\/span><o:p><\/o:p><\/p>\n<p class=\"MsoNormal\" style=\"margin-bottom:0cm;margin-bottom:.0001pt;line-height:\n150%\">E para garantir o acesso do trabalhador ao mercado em expans&atilde;o, o governo criou o Programa Nacional de Acesso ao Ensino T&eacute;cnico e ao Emprego (Pronatec), acrescentou a presidenta Dilma. Segundo ela, este ano, ser&atilde;o criadas mais de 1,160 milh&atilde;o de vagas em curso de qualifica&ccedil;&atilde;o, nas &aacute;reas de constru&ccedil;&atilde;o civil, inform&aacute;tica, mec&acirc;nica, turismo, auxiliar de enfermagem e muitas outras &aacute;reas.<o:p><\/o:p><\/p>\n<p class=\"MsoNormal\" style=\"margin-bottom:0cm;margin-bottom:.0001pt;line-height:\n150%\">&ldquo;Eles ser&atilde;o realizados em parceria com o Senai, o Senac e as escolas t&eacute;cnicas federais, que t&ecirc;m experi&ecirc;ncia na oferta de cursos de qualifica&ccedil;&atilde;o de boa qualidade&rdquo;.<o:p><\/o:p><\/p>\n<p class=\"MsoNormal\" style=\"margin-bottom:0cm;margin-bottom:.0001pt;line-height:\n150%\">FONTE: BLOG DO PLANALTO<o:p><\/o:p><\/p>\n","protected":false},"excerpt":{"rendered":"<p>A gera\u00e7\u00e3o de emprego, com aumento da renda das fam\u00edlias, \u00e9 o motor do crescimento sustent\u00e1vel, avaliou a presidenta Dilma Rousseff no programa Caf\u00e9 com a Presidenta transmitido hoje (6). Segundo ela, esse \u00e9 o segredo do sucesso da economia brasileira. O mercado de trabalho, afirmou, teve um \u201cexcelente desempenho\u201d em 2011 com a cria\u00e7\u00e3o de quase dois milh\u00f5es de empregos com carteira assinada.<\/p>\n","protected":false},"author":1,"featured_media":25995,"comment_status":"open","ping_status":"open","sticky":false,"template":"","format":"standard","meta":{"footnotes":""},"categories":[1],"tags":[5721],"class_list":["post-25996","post","type-post","status-publish","format-standard","has-post-thumbnail","hentry","category-noticias-zeca-dirceu","tag-dilma-aumento-do-emprego-e-da-renda-e-o-motor-do-crescimento-sustentavel"],"_links":{"self":[{"href":"https:\/\/teste.bsb.br\/zeca\/wp-json\/wp\/v2\/posts\/25996","targetHints":{"allow":["GET"]}}],"collection":[{"href":"https:\/\/teste.bsb.br\/zeca\/wp-json\/wp\/v2\/posts"}],"about":[{"href":"https:\/\/teste.bsb.br\/zeca\/wp-json\/wp\/v2\/types\/post"}],"author":[{"embeddable":true,"href":"https:\/\/teste.bsb.br\/zeca\/wp-json\/wp\/v2\/users\/1"}],"replies":[{"embeddable":true,"href":"https:\/\/teste.bsb.br\/zeca\/wp-json\/wp\/v2\/comments?post=25996"}],"version-history":[{"count":0,"href":"https:\/\/teste.bsb.br\/zeca\/wp-json\/wp\/v2\/posts\/25996\/revisions"}],"wp:featuredmedia":[{"embeddable":true,"href":"https:\/\/teste.bsb.br\/zeca\/wp-json\/wp\/v2\/media\/25995"}],"wp:attachment":[{"href":"https:\/\/teste.bsb.br\/zeca\/wp-json\/wp\/v2\/media?parent=25996"}],"wp:term":[{"taxonomy":"category","embeddable":true,"href":"https:\/\/teste.bsb.br\/zeca\/wp-json\/wp\/v2\/categories?post=25996"},{"taxonomy":"post_tag","embeddable":true,"href":"https:\/\/teste.bsb.br\/zeca\/wp-json\/wp\/v2\/tags?post=25996"}],"curies":[{"name":"wp","href":"https:\/\/api.w.org\/{rel}","templated":true}]}}