{"id":25968,"date":"2012-02-07T00:00:00","date_gmt":"2012-02-07T02:00:00","guid":{"rendered":"https:\/\/www.zecadirceu.com.br\/camara-deve-votar-neste-mes-duas-mps-que-beneficiam-pessoas-com-deficiencia\/"},"modified":"2012-02-07T00:00:00","modified_gmt":"2012-02-07T02:00:00","slug":"camara-deve-votar-neste-mes-duas-mps-que-beneficiam-pessoas-com-deficiencia","status":"publish","type":"post","link":"https:\/\/teste.bsb.br\/zeca\/camara-deve-votar-neste-mes-duas-mps-que-beneficiam-pessoas-com-deficiencia\/","title":{"rendered":"C\u00e2mara deve votar neste m\u00eas duas MPs que beneficiam pessoas com defici\u00eancia"},"content":{"rendered":"<p>&nbsp;Duas medidas provis&oacute;rias que beneficiam pessoas com defici&ecirc;ncia devem ser votadas em Plen&aacute;rio nas pr&oacute;ximas semanas. Uma delas &eacute; a MP 549\/11, que reduz a zero as al&iacute;quotas do PIS\/Pasep e da Cofins incidentes sobre a importa&ccedil;&atilde;o e a receita da venda de produtos destinados a pessoas com defici&ecirc;ncia.<\/p>\n<p class=\"MsoNormal\"><o:p><\/o:p><\/p>\n<p class=\"MsoNormal\">A medida tem o objetivo de reduzir o pre&ccedil;o de equipamentos, como pr&oacute;teses oculares, implantes cocleares (aparelho eletr&ocirc;nico que permite que pessoas surdas escutem), lupas eletr&ocirc;nicas, acionadores de press&atilde;o, digitalizadores de imagens (scanners) equipados com sintetizador de voz, calculadoras com sintetizador de voz, impressoras e m&aacute;quinas braile.<o:p><\/o:p><\/p>\n<p class=\"MsoNormal\">A outra MP &eacute; a 550\/11, que cria uma linha de cr&eacute;dito para compra de produtos de tecnologia assistiva destinados &agrave;s pessoas com defici&ecirc;ncia. Os equipamentos com tecnologia assistiva contribuem para proporcionar ou ampliar habilidades funcionais de pessoas com defici&ecirc;ncia, para que elas tenham uma vida mais independente. Ter&atilde;o acesso ao benef&iacute;cio pessoas que ganham at&eacute; 10 sal&aacute;rios m&iacute;nimos por m&ecirc;s.<o:p><\/o:p><\/p>\n<p class=\"MsoNormal\">As duas MPs foram publicadas no Di&aacute;rio Oficial da Uni&atilde;o em novembro passado e fazem parte do Plano Nacional dos Direitos da Pessoa com Defici&ecirc;ncia &#8211; Viver sem Limite, do governo federal. O plano prev&ecirc; investimentos de at&eacute; R$ 7,6 bilh&otilde;es at&eacute; 2014 em v&aacute;rias a&ccedil;&otilde;es voltadas para as pessoas com defici&ecirc;ncia. As medidas provis&oacute;rias passam a trancar a pauta do Plen&aacute;rio a partir de 12 de fevereiro.<o:p><\/o:p><\/p>\n<p class=\"MsoNormal\"><b>Tecnologias fundamentais <o:p><\/o:p><\/b><\/p>\n<p class=\"MsoNormal\">O deputado Walter Tosta (PSD-MG), que &eacute; um dos coordenadores da Frente Parlamentar da Pessoa com Defici&ecirc;ncia, disse que, apesar do prazo apertado, est&aacute; confiante na aprova&ccedil;&atilde;o das MPs. &ldquo;Acreditamos que devemos aprovar essas medidas o mais r&aacute;pido poss&iacute;vel. J&aacute; tivemos algumas reuni&otilde;es principalmente com os parlamentares, e temos um consenso em rela&ccedil;&atilde;o a essas MPs. N&atilde;o vejo nenhuma dificuldade. &Eacute; um avan&ccedil;o muito grande porque s&atilde;o tecnologias fundamentais para pessoas com defici&ecirc;ncia&rdquo;, declarou.<o:p><\/o:p><\/p>\n<p class=\"MsoNormal\">A representante do Instituto de Tecnologia Social, Irma Passoni, destacou a import&acirc;ncia de se reduzir os pre&ccedil;os dos produtos de tecnologia assistiva, j&aacute; que a maioria das pessoas que necessitam us&aacute;-los &eacute; de baixa renda. &ldquo;S&atilde;o milh&otilde;es de pessoas com defici&ecirc;ncia. Na maioria das vezes n&atilde;o t&ecirc;m recursos para comprar esses equipamentos. Fizemos uma pesquisa que mostra que esses produtos s&atilde;o basicamente importados e com valores inacess&iacute;veis para a maioria das pessoas com defici&ecirc;ncia&rdquo;.<o:p><\/o:p><\/p>\n<p class=\"MsoNormal\">A presidente da Comiss&atilde;o de Direitos Humanos e Minorias, deputada Manuela D&rsquo;&Aacute;vila (PCdoB-RS), acredita que as propostas ser&atilde;o aprovadas no retorno dos trabalhos legislativos. Ela afirmou que as MPs v&atilde;o contribuir para promover a igualdade. &ldquo;Uma coisa &eacute; o discurso da igualdade e outra bastante distinta s&atilde;o os investimentos. E essas propostas, na medida em que desoneram produtos e abrem linhas de cr&eacute;dito, s&atilde;o formas de investimento para que haja a igualdade real, para que as pessoas tenham as mesmas oportunidades&rdquo;, disse.<o:p><\/o:p><\/p>\n<p class=\"MsoNormal\"><b>Linha de cr&eacute;dito <o:p><\/o:p><\/b><\/p>\n<p class=\"MsoNormal\">O dinheiro para essa linha de cr&eacute;dito especial vir&aacute; dos dep&oacute;sitos &agrave; vista recebidos pelos bancos. A Uni&atilde;o vai subvencionar o cr&eacute;dito por meio da equaliza&ccedil;&atilde;o de taxas de juros e outros encargos financeiros em opera&ccedil;&otilde;es de cr&eacute;dito efetuadas por institui&ccedil;&otilde;es financeiras p&uacute;blicas federais que praticarem taxas de juros de 8% ao ano ao tomador final, para a aquisi&ccedil;&atilde;o de bens e servi&ccedil;os de tecnologia assistiva. A metodologia e os limites da equaliza&ccedil;&atilde;o anual ser&atilde;o definidos anualmente por portaria do Minist&eacute;rio da Fazenda, mas ficar&atilde;o limitados a R$ 25 milh&otilde;es por ano.<o:p><\/o:p><\/p>\n<p class=\"MsoNormal\">J&aacute; com rela&ccedil;&atilde;o &agrave; MP 549\/11, que permite a isen&ccedil;&atilde;o de tributos, o Minist&eacute;rio da Fazenda informou que a previs&atilde;o de ren&uacute;ncia de receitas at&eacute; 2013 ser&aacute; de aproximadamente R$ 350 milh&otilde;es. Mas, segundo o governo, o impacto or&ccedil;ament&aacute;rio ser&aacute; compensado com o aumento na arrecada&ccedil;&atilde;o de tributos.<\/p>\n<p class=\"MsoNormal\">FONTE: AG&Ecirc;NCIA C&Acirc;MARA DE NOT&Iacute;CIAS<\/p>\n","protected":false},"excerpt":{"rendered":"<p>Duas medidas provis\u00f3rias que beneficiam pessoas com defici\u00eancia devem ser votadas em Plen\u00e1rio nas pr\u00f3ximas semanas. Uma delas \u00e9 a MP 549\/11, que reduz a zero as al\u00edquotas do PIS\/Pasep e da Cofins incidentes sobre a importa\u00e7\u00e3o e a receita da venda de produtos destinados a pessoas com defici\u00eancia.<\/p>\n","protected":false},"author":1,"featured_media":25967,"comment_status":"open","ping_status":"open","sticky":false,"template":"","format":"standard","meta":{"footnotes":""},"categories":[1],"tags":[5708],"class_list":["post-25968","post","type-post","status-publish","format-standard","has-post-thumbnail","hentry","category-noticias-zeca-dirceu","tag-camara-deve-votar-neste-mes-duas-mps-que-beneficiam-pessoas-com-deficiencia"],"_links":{"self":[{"href":"https:\/\/teste.bsb.br\/zeca\/wp-json\/wp\/v2\/posts\/25968","targetHints":{"allow":["GET"]}}],"collection":[{"href":"https:\/\/teste.bsb.br\/zeca\/wp-json\/wp\/v2\/posts"}],"about":[{"href":"https:\/\/teste.bsb.br\/zeca\/wp-json\/wp\/v2\/types\/post"}],"author":[{"embeddable":true,"href":"https:\/\/teste.bsb.br\/zeca\/wp-json\/wp\/v2\/users\/1"}],"replies":[{"embeddable":true,"href":"https:\/\/teste.bsb.br\/zeca\/wp-json\/wp\/v2\/comments?post=25968"}],"version-history":[{"count":0,"href":"https:\/\/teste.bsb.br\/zeca\/wp-json\/wp\/v2\/posts\/25968\/revisions"}],"wp:featuredmedia":[{"embeddable":true,"href":"https:\/\/teste.bsb.br\/zeca\/wp-json\/wp\/v2\/media\/25967"}],"wp:attachment":[{"href":"https:\/\/teste.bsb.br\/zeca\/wp-json\/wp\/v2\/media?parent=25968"}],"wp:term":[{"taxonomy":"category","embeddable":true,"href":"https:\/\/teste.bsb.br\/zeca\/wp-json\/wp\/v2\/categories?post=25968"},{"taxonomy":"post_tag","embeddable":true,"href":"https:\/\/teste.bsb.br\/zeca\/wp-json\/wp\/v2\/tags?post=25968"}],"curies":[{"name":"wp","href":"https:\/\/api.w.org\/{rel}","templated":true}]}}