{"id":25962,"date":"2012-02-08T00:00:00","date_gmt":"2012-02-08T02:00:00","guid":{"rendered":"https:\/\/www.zecadirceu.com.br\/mulherescontinuidade-ao-combate-a-violencia-domestica-sera-uma-das-prioridades-da-pasta\/"},"modified":"2012-02-08T00:00:00","modified_gmt":"2012-02-08T02:00:00","slug":"mulherescontinuidade-ao-combate-a-violencia-domestica-sera-uma-das-prioridades-da-pasta","status":"publish","type":"post","link":"https:\/\/teste.bsb.br\/zeca\/mulherescontinuidade-ao-combate-a-violencia-domestica-sera-uma-das-prioridades-da-pasta\/","title":{"rendered":"Mulheres:Continuidade ao combate \u00e0 viol\u00eancia dom\u00e9stica ser\u00e1 uma das prioridades da pasta"},"content":{"rendered":"<p>&nbsp;A nova ministra Eleonora Menicucci, da Secretaria de Pol&iacute;ticas para as Mulheres (SPM), disse nesta ter&ccedil;a-feira (7) que considera a discuss&atilde;o do aborto no Brasil uma quest&atilde;o de sa&uacute;de p&uacute;blica. Para ela o tema n&atilde;o &eacute; uma quest&atilde;o ideol&oacute;gica, &eacute; uma quest&atilde;o de sa&uacute;de p&uacute;blica, como o crack e outras drogas, a dengue, o HIV e todas as doen&ccedil;as infectocontagiosas.<\/p>\n<p class=\"MsoNormal\"><o:p><\/o:p><\/p>\n<p class=\"MsoNormal\">Conforme Eleonora, que dever&aacute; tomar posse na pr&oacute;xima sexta-feira (10) em substitui&ccedil;&atilde;o a Iriny Lopes, uma das prioridades da pasta ser&aacute; dar continuidade ao combate &agrave; viol&ecirc;ncia dom&eacute;stica e sexual. Ela defendeu, entre outras medidas, a puni&ccedil;&atilde;o de estupradores, mesmo quando a v&iacute;tima n&atilde;o procurar a delegacia para fazer a queixa.<o:p><\/o:p><\/p>\n<p class=\"MsoNormal\">&ldquo;A quest&atilde;o da Justi&ccedil;a Criminal no nosso Pa&iacute;s tem que avan&ccedil;ar, tem que ser reformulada. &Eacute; inadmiss&iacute;vel ouvir hoje, em 2012 que uma mulher fez uma den&uacute;ncia pediu prote&ccedil;&atilde;o e dois dias depois aparece morta. Onde est&aacute; a seguran&ccedil;a p&uacute;blica? O pacto da n&atilde;o viol&ecirc;ncia tem que ser assinado, respeitado e ampliado nos munic&iacute;pios e estados&hellip; a fala da mulher n&atilde;o &eacute; respeitada e nem ouvida&rdquo;.<\/p>\n<p class=\"MsoNormal\">FONTE: SITE DO PT<\/p>\n","protected":false},"excerpt":{"rendered":"<p>A nova ministra Eleonora Menicucci, da Secretaria de Pol\u00edticas para as Mulheres (SPM), disse nesta ter\u00e7a-feira (7) que considera a discuss\u00e3o do aborto no Brasil uma quest\u00e3o de sa\u00fade p\u00fablica. Para ela o tema n\u00e3o \u00e9 uma quest\u00e3o ideol\u00f3gica, \u00e9 uma quest\u00e3o de sa\u00fade p\u00fablica, como o crack e outras drogas, a dengue, o HIV e todas as doen\u00e7as infectocontagiosas.<\/p>\n","protected":false},"author":1,"featured_media":25961,"comment_status":"open","ping_status":"open","sticky":false,"template":"","format":"standard","meta":{"footnotes":""},"categories":[1],"tags":[5706],"class_list":["post-25962","post","type-post","status-publish","format-standard","has-post-thumbnail","hentry","category-noticias-zeca-dirceu","tag-mulherescontinuidade-ao-combate-a-violencia-domestica-sera-uma-das-prioridades-da-pasta"],"_links":{"self":[{"href":"https:\/\/teste.bsb.br\/zeca\/wp-json\/wp\/v2\/posts\/25962","targetHints":{"allow":["GET"]}}],"collection":[{"href":"https:\/\/teste.bsb.br\/zeca\/wp-json\/wp\/v2\/posts"}],"about":[{"href":"https:\/\/teste.bsb.br\/zeca\/wp-json\/wp\/v2\/types\/post"}],"author":[{"embeddable":true,"href":"https:\/\/teste.bsb.br\/zeca\/wp-json\/wp\/v2\/users\/1"}],"replies":[{"embeddable":true,"href":"https:\/\/teste.bsb.br\/zeca\/wp-json\/wp\/v2\/comments?post=25962"}],"version-history":[{"count":0,"href":"https:\/\/teste.bsb.br\/zeca\/wp-json\/wp\/v2\/posts\/25962\/revisions"}],"wp:featuredmedia":[{"embeddable":true,"href":"https:\/\/teste.bsb.br\/zeca\/wp-json\/wp\/v2\/media\/25961"}],"wp:attachment":[{"href":"https:\/\/teste.bsb.br\/zeca\/wp-json\/wp\/v2\/media?parent=25962"}],"wp:term":[{"taxonomy":"category","embeddable":true,"href":"https:\/\/teste.bsb.br\/zeca\/wp-json\/wp\/v2\/categories?post=25962"},{"taxonomy":"post_tag","embeddable":true,"href":"https:\/\/teste.bsb.br\/zeca\/wp-json\/wp\/v2\/tags?post=25962"}],"curies":[{"name":"wp","href":"https:\/\/api.w.org\/{rel}","templated":true}]}}