{"id":25958,"date":"2012-02-08T00:00:00","date_gmt":"2012-02-08T02:00:00","guid":{"rendered":"https:\/\/www.zecadirceu.com.br\/zeca-dirceu-exalta-os-32-anos-do-pt\/"},"modified":"2012-02-08T00:00:00","modified_gmt":"2012-02-08T02:00:00","slug":"zeca-dirceu-exalta-os-32-anos-do-pt","status":"publish","type":"post","link":"https:\/\/teste.bsb.br\/zeca\/zeca-dirceu-exalta-os-32-anos-do-pt\/","title":{"rendered":"Zeca Dirceu exalta os 32 anos do PT"},"content":{"rendered":"<p>No pr&oacute;ximo dia 10, o Partido dos Trabalhadores completar&aacute; 32 anos, que ser&atilde;o coroados com um grande encontro de dirigentes e militantes em Bras&iacute;lia. O vice-l&iacute;der da bancada petista na C&acirc;mara, deputado federal Zeca Dirceu, comentou as principais conquistas do partido e as contribui&ccedil;&otilde;es da legenda para o desenvolvimento do pa&iacute;s.<\/p>\n","protected":false},"excerpt":{"rendered":"<p>No pr\u00f3ximo dia 10, o Partido dos Trabalhadores completar\u00e1 32 anos, que ser\u00e3o coroados com um grande encontro de dirigentes e militantes em Bras\u00edlia. O vice-l\u00edder da bancada petista na C\u00e2mara, deputado federal Zeca Dirceu, comentou as principais conquistas do partido.<\/p>\n","protected":false},"author":1,"featured_media":25957,"comment_status":"open","ping_status":"open","sticky":false,"template":"","format":"standard","meta":{"footnotes":""},"categories":[1],"tags":[5704,117],"class_list":["post-25958","post","type-post","status-publish","format-standard","has-post-thumbnail","hentry","category-noticias-zeca-dirceu","tag-32-anos","tag-pt"],"_links":{"self":[{"href":"https:\/\/teste.bsb.br\/zeca\/wp-json\/wp\/v2\/posts\/25958","targetHints":{"allow":["GET"]}}],"collection":[{"href":"https:\/\/teste.bsb.br\/zeca\/wp-json\/wp\/v2\/posts"}],"about":[{"href":"https:\/\/teste.bsb.br\/zeca\/wp-json\/wp\/v2\/types\/post"}],"author":[{"embeddable":true,"href":"https:\/\/teste.bsb.br\/zeca\/wp-json\/wp\/v2\/users\/1"}],"replies":[{"embeddable":true,"href":"https:\/\/teste.bsb.br\/zeca\/wp-json\/wp\/v2\/comments?post=25958"}],"version-history":[{"count":0,"href":"https:\/\/teste.bsb.br\/zeca\/wp-json\/wp\/v2\/posts\/25958\/revisions"}],"wp:featuredmedia":[{"embeddable":true,"href":"https:\/\/teste.bsb.br\/zeca\/wp-json\/wp\/v2\/media\/25957"}],"wp:attachment":[{"href":"https:\/\/teste.bsb.br\/zeca\/wp-json\/wp\/v2\/media?parent=25958"}],"wp:term":[{"taxonomy":"category","embeddable":true,"href":"https:\/\/teste.bsb.br\/zeca\/wp-json\/wp\/v2\/categories?post=25958"},{"taxonomy":"post_tag","embeddable":true,"href":"https:\/\/teste.bsb.br\/zeca\/wp-json\/wp\/v2\/tags?post=25958"}],"curies":[{"name":"wp","href":"https:\/\/api.w.org\/{rel}","templated":true}]}}