{"id":25950,"date":"2012-02-09T00:00:00","date_gmt":"2012-02-09T02:00:00","guid":{"rendered":"https:\/\/www.zecadirceu.com.br\/r-4-milhoes-para-ressocializacao-de-presos\/"},"modified":"2012-02-09T00:00:00","modified_gmt":"2012-02-09T02:00:00","slug":"r-4-milhoes-para-ressocializacao-de-presos","status":"publish","type":"post","link":"https:\/\/teste.bsb.br\/zeca\/r-4-milhoes-para-ressocializacao-de-presos\/","title":{"rendered":"R$ 4 milh\u00f5es para ressocializa\u00e7\u00e3o de presos"},"content":{"rendered":"<p>&nbsp;<span style=\"font-family: Calibri, sans-serif; font-size: 11pt; line-height: 150%; text-align: justify; \">Al&eacute;m dos recursos, haver&aacute; apoio t&eacute;cnico. As unidades da federa&ccedil;&atilde;o dever&atilde;o apresentar propostas at&eacute; 2 de mar&ccedil;o.<\/span><\/p>\n<p style=\"margin-top: 0cm; margin-right: 0cm; margin-left: 0cm; margin-bottom: 0.0001pt; line-height: 150%; \"><span style=\"font-size:11.0pt;\nline-height:150%;font-family:&quot;Calibri&quot;,&quot;sans-serif&quot;;mso-ascii-theme-font:minor-latin;\nmso-hansi-theme-font:minor-latin;mso-bidi-theme-font:minor-latin\">Cada estado pode pleitear recursos para at&eacute; cinco estabelecimentos penais, incluindo, ao menos, uma unidade feminina. Para cada unidade prisional, o governo estadual deve informar sobre espa&ccedil;o dispon&iacute;vel (dimens&otilde;es, condi&ccedil;&otilde;es de ilumina&ccedil;&atilde;o, ventila&ccedil;&atilde;o etc), a popula&ccedil;&atilde;o carcer&aacute;ria (quantos presos estudam ou participam de atividades laborais e outros dados relacionados) e o perfil dos servidores que atuar&atilde;o na capacita&ccedil;&atilde;o, no caso de a unidade contar com esse perfil de profissional. Ser&aacute; poss&iacute;vel tamb&eacute;m pagar entidades p&uacute;blicas ou privadas para fazer as capacita&ccedil;&otilde;es.<o:p><\/o:p><\/span><\/p>\n<p style=\"margin-top: 0cm; margin-right: 0cm; margin-left: 0cm; margin-bottom: 0.0001pt; line-height: 150%; \"><span style=\"font-size:11.0pt;\nline-height:150%;font-family:&quot;Calibri&quot;,&quot;sans-serif&quot;;mso-ascii-theme-font:minor-latin;\nmso-hansi-theme-font:minor-latin;mso-bidi-theme-font:minor-latin\">A previs&atilde;o &eacute; que o recurso seja repassado no segundo semestre de 2012. Os crit&eacute;rios para a apresenta&ccedil;&atilde;o dos diagn&oacute;sticos e documentos relacionados est&atilde;o dispon&iacute;veis no endere&ccedil;o: <a href=\"http:\/\/www.mj.gov.br\/depen\"><span style=\"color:windowtext;\ntext-decoration:none;text-underline:none\">www.mj.gov.br\/depen<\/span><\/a><o:p><\/o:p><\/span><\/p>\n<p style=\"margin-top: 0cm; margin-right: 0cm; margin-left: 0cm; margin-bottom: 0.0001pt; line-height: 150%; \"><span style=\"font-size:11.0pt;\nline-height:150%;font-family:&quot;Calibri&quot;,&quot;sans-serif&quot;;mso-ascii-theme-font:minor-latin;\nmso-hansi-theme-font:minor-latin;mso-bidi-theme-font:minor-latin\"><a href=\"http:\/\/www.pt.org.br\/arquivos\/Orienta%C3%A7%C3%A3o_para_apoio_aos_presos.doc\"><span style=\"color:windowtext;text-decoration:none;text-underline:none\">Veja a &iacute;ntegra da portaria e o formul&aacute;rio para apresenta&ccedil;&atilde;o das propostas.<\/span><\/a><o:p><\/o:p><\/span><\/p>\n<p style=\"margin-top: 0cm; margin-right: 0cm; margin-left: 0cm; margin-bottom: 0.0001pt; line-height: 150%; \"><span style=\"font-size:11.0pt;\nline-height:150%;font-family:&quot;Calibri&quot;,&quot;sans-serif&quot;;mso-ascii-theme-font:minor-latin;\nmso-hansi-theme-font:minor-latin;mso-bidi-theme-font:minor-latin\"><o:p>&nbsp;<\/o:p><\/span><\/p>\n<p style=\"margin:0cm;margin-bottom:.0001pt;text-align:justify;line-height:150%\"><span style=\"font-size:11.0pt;line-height:150%;font-family:&quot;Calibri&quot;,&quot;sans-serif&quot;;\nmso-ascii-theme-font:minor-latin;mso-hansi-theme-font:minor-latin;mso-bidi-theme-font:\nminor-latin\"><a href=\"http:\/\/portal.mj.gov.br\/data\/Pages\/MJ7CBDB5BEITEMIDE78288B08B7B41C88DB4F403F5D7BE28PTBRIE.htm\"><span style=\"color:windowtext;text-decoration:none;text-underline:none\">FONTE: Minist&eacute;rio da Justi&ccedil;a<\/span><\/a><o:p><\/o:p><\/span><\/p>\n","protected":false},"excerpt":{"rendered":"<p>O Departamento Penitenci\u00e1rio Nacional (Depen) do Minist\u00e9rio da Justi\u00e7a vai repassar R$ 4 milh\u00f5es aos estados e ao Distrito Federal para financiar projetos de trabalho e gera\u00e7\u00e3o de renda com a finalidade de ressocializar presos.<\/p>\n","protected":false},"author":1,"featured_media":25949,"comment_status":"open","ping_status":"open","sticky":false,"template":"","format":"standard","meta":{"footnotes":""},"categories":[1],"tags":[5700],"class_list":["post-25950","post","type-post","status-publish","format-standard","has-post-thumbnail","hentry","category-noticias-zeca-dirceu","tag-r-4-milhoes-para-ressocializacao-de-presos"],"_links":{"self":[{"href":"https:\/\/teste.bsb.br\/zeca\/wp-json\/wp\/v2\/posts\/25950","targetHints":{"allow":["GET"]}}],"collection":[{"href":"https:\/\/teste.bsb.br\/zeca\/wp-json\/wp\/v2\/posts"}],"about":[{"href":"https:\/\/teste.bsb.br\/zeca\/wp-json\/wp\/v2\/types\/post"}],"author":[{"embeddable":true,"href":"https:\/\/teste.bsb.br\/zeca\/wp-json\/wp\/v2\/users\/1"}],"replies":[{"embeddable":true,"href":"https:\/\/teste.bsb.br\/zeca\/wp-json\/wp\/v2\/comments?post=25950"}],"version-history":[{"count":0,"href":"https:\/\/teste.bsb.br\/zeca\/wp-json\/wp\/v2\/posts\/25950\/revisions"}],"wp:featuredmedia":[{"embeddable":true,"href":"https:\/\/teste.bsb.br\/zeca\/wp-json\/wp\/v2\/media\/25949"}],"wp:attachment":[{"href":"https:\/\/teste.bsb.br\/zeca\/wp-json\/wp\/v2\/media?parent=25950"}],"wp:term":[{"taxonomy":"category","embeddable":true,"href":"https:\/\/teste.bsb.br\/zeca\/wp-json\/wp\/v2\/categories?post=25950"},{"taxonomy":"post_tag","embeddable":true,"href":"https:\/\/teste.bsb.br\/zeca\/wp-json\/wp\/v2\/tags?post=25950"}],"curies":[{"name":"wp","href":"https:\/\/api.w.org\/{rel}","templated":true}]}}