{"id":25932,"date":"2012-02-09T00:00:00","date_gmt":"2012-02-09T02:00:00","guid":{"rendered":"https:\/\/www.zecadirceu.com.br\/diretorio-nacional-do-pt-faz-reuniao-nesta-quinta-feira-em-brasilia\/"},"modified":"2012-02-09T00:00:00","modified_gmt":"2012-02-09T02:00:00","slug":"diretorio-nacional-do-pt-faz-reuniao-nesta-quinta-feira-em-brasilia","status":"publish","type":"post","link":"https:\/\/teste.bsb.br\/zeca\/diretorio-nacional-do-pt-faz-reuniao-nesta-quinta-feira-em-brasilia\/","title":{"rendered":"Diret\u00f3rio Nacional do PT faz reuni\u00e3o nesta quinta-feira, em Bras\u00edlia"},"content":{"rendered":"<p>O Diret&oacute;rio Nacional do Partido dos Trabalhadores faz reuni&atilde;o nesta quinta-feira (9), em Bras&iacute;lia. A reuni&atilde;o come&ccedil;ou &agrave;s 10h e a previs&atilde;o &eacute; de que dure o dia todo.<\/p>\n<p>Na pauta, a discuss&atilde;o e vota&ccedil;&atilde;o de um texto de Resolu&ccedil;&atilde;o Pol&iacute;tica; vota&ccedil;&atilde;o da consolida&ccedil;&atilde;o do texto sobre a Reforma Estatut&aacute;ria aprovada no 4&ordm; Congresso do PT; Elei&ccedil;&otilde;es de 2012; plano de trabalho da Funda&ccedil;&atilde;o Perseu Abramo e substitui&ccedil;&otilde;es de membros no DN.<\/p>\n<p>A reuni&atilde;o ocorre nas depend&ecirc;ncias da sede nacional, em Bras&iacute;lia (Setor Comercial Sul, Quadra 2, Bloco C, n&ordm; 256, Edif&iacute;cio Toufic, Plano Piloto).<\/p>\n<p>Amanh&atilde; (10), data do anivers&aacute;rio de funda&ccedil;&atilde;o do Partido, a dire&ccedil;&atilde;o nacional realiza ato comemorativo no Centro de Eventos Brasil 21, com a presen&ccedil;a de lideran&ccedil;as nacionais, dirigentes e militantes petista.Durante o evento tamb&eacute;m ser&aacute; feita uma homenagem ao centen&aacute;rio de nascimento do ativista pol&iacute;tico Apolonio de Carvalho, filiado de n&uacute;mero 1 do PT.<\/p>\n<p>Fonte: Portal do PT Nacional<\/p>\n","protected":false},"excerpt":{"rendered":"<p>O Diret\u00f3rio Nacional do Partido dos Trabalhadores faz reuni\u00e3o nesta quinta-feira (9), em Bras\u00edlia. A reuni\u00e3o come\u00e7ou \u00e0s 10h e a previs\u00e3o \u00e9 de que dure o dia todo.<\/p>\n","protected":false},"author":1,"featured_media":25931,"comment_status":"open","ping_status":"open","sticky":false,"template":"","format":"standard","meta":{"footnotes":""},"categories":[1],"tags":[117,842],"class_list":["post-25932","post","type-post","status-publish","format-standard","has-post-thumbnail","hentry","category-noticias-zeca-dirceu","tag-pt","tag-reuniao"],"_links":{"self":[{"href":"https:\/\/teste.bsb.br\/zeca\/wp-json\/wp\/v2\/posts\/25932","targetHints":{"allow":["GET"]}}],"collection":[{"href":"https:\/\/teste.bsb.br\/zeca\/wp-json\/wp\/v2\/posts"}],"about":[{"href":"https:\/\/teste.bsb.br\/zeca\/wp-json\/wp\/v2\/types\/post"}],"author":[{"embeddable":true,"href":"https:\/\/teste.bsb.br\/zeca\/wp-json\/wp\/v2\/users\/1"}],"replies":[{"embeddable":true,"href":"https:\/\/teste.bsb.br\/zeca\/wp-json\/wp\/v2\/comments?post=25932"}],"version-history":[{"count":0,"href":"https:\/\/teste.bsb.br\/zeca\/wp-json\/wp\/v2\/posts\/25932\/revisions"}],"wp:featuredmedia":[{"embeddable":true,"href":"https:\/\/teste.bsb.br\/zeca\/wp-json\/wp\/v2\/media\/25931"}],"wp:attachment":[{"href":"https:\/\/teste.bsb.br\/zeca\/wp-json\/wp\/v2\/media?parent=25932"}],"wp:term":[{"taxonomy":"category","embeddable":true,"href":"https:\/\/teste.bsb.br\/zeca\/wp-json\/wp\/v2\/categories?post=25932"},{"taxonomy":"post_tag","embeddable":true,"href":"https:\/\/teste.bsb.br\/zeca\/wp-json\/wp\/v2\/tags?post=25932"}],"curies":[{"name":"wp","href":"https:\/\/api.w.org\/{rel}","templated":true}]}}