{"id":25900,"date":"2012-02-15T00:00:00","date_gmt":"2012-02-15T02:00:00","guid":{"rendered":"https:\/\/www.zecadirceu.com.br\/governo-vai-ampliar-investimentos-para-garantir-crescimento-da-economia\/"},"modified":"2012-02-15T00:00:00","modified_gmt":"2012-02-15T02:00:00","slug":"governo-vai-ampliar-investimentos-para-garantir-crescimento-da-economia","status":"publish","type":"post","link":"https:\/\/teste.bsb.br\/zeca\/governo-vai-ampliar-investimentos-para-garantir-crescimento-da-economia\/","title":{"rendered":"Governo vai ampliar investimentos para garantir crescimento da economia"},"content":{"rendered":"<p style=\"margin-top: 3px; margin-right: 0px; margin-bottom: 10px; margin-left: 0px; padding-top: 0px; padding-right: 0px; padding-bottom: 0px; padding-left: 0px; line-height: 16px; color: rgb(51, 51, 51); font-family: Arial, Helvetica, sans-serif; \">\n\tO ministro da Fazenda, Guido Mantega, disse, nesta ter&ccedil;a-feira (14), que o governo federal vai expandir os investimentos para que a economia tenha um crescimento de 4,5% em 2012.<\/p>\n<p style=\"margin-top: 3px; margin-right: 0px; margin-bottom: 10px; margin-left: 0px; padding-top: 0px; padding-right: 0px; padding-bottom: 0px; padding-left: 0px; line-height: 16px; color: rgb(51, 51, 51); font-family: Arial, Helvetica, sans-serif; \">\n\tAp&oacute;s reuni&atilde;o do conselho pol&iacute;tico, no Pal&aacute;cio do Planalto, ele afirmou que o Programa de Acelera&ccedil;&atilde;o do Crescimento (PAC) e o Minha Casa, Minha Vida ser&atilde;o ampliados, assim como os investimentos no Brasil sem Mis&eacute;ria e no Bolsa Fam&iacute;lia para garantir a expans&atilde;o do mercado interno. J&aacute; os investimentos em educa&ccedil;&atilde;o v&atilde;o subir 20% em 2012 em rela&ccedil;&atilde;o ao ano passado.<\/p>\n<p style=\"margin-top: 3px; margin-right: 0px; margin-bottom: 10px; margin-left: 0px; padding-top: 0px; padding-right: 0px; padding-bottom: 0px; padding-left: 0px; line-height: 16px; color: rgb(51, 51, 51); font-family: Arial, Helvetica, sans-serif; \">\n\t&ldquo;Um crescimento econ&ocirc;mico de 4,5% depende um grande esfor&ccedil;o de investimento. Vamos redinamizar o investimento at&eacute; 2014. O nosso desafio &eacute; remar contra a corrente&rdquo;, disse o ministro da Fazenda em refer&ecirc;ncia &agrave; crise internacional.<\/p>\n<p style=\"margin-top: 3px; margin-right: 0px; margin-bottom: 10px; margin-left: 0px; padding-top: 0px; padding-right: 0px; padding-bottom: 0px; padding-left: 0px; line-height: 16px; color: rgb(51, 51, 51); font-family: Arial, Helvetica, sans-serif; \">\n\tSegundo ele, o governo prepara um contingenciamento do Or&ccedil;amento de 2012 que ajudar&aacute; o pa&iacute;s a manter a solidez fiscal. Al&eacute;m disso, ressaltou Mantega, governo e Congresso devem continuar afinados.<\/p>\n<p style=\"margin-top: 3px; margin-right: 0px; margin-bottom: 10px; margin-left: 0px; padding-top: 0px; padding-right: 0px; padding-bottom: 0px; padding-left: 0px; line-height: 16px; color: rgb(51, 51, 51); font-family: Arial, Helvetica, sans-serif; \">\n\t&ldquo;Governo e Congresso devem manter a parceria e a coopera&ccedil;&atilde;o. O Congresso tem tido a atitude madura de n&atilde;o permitir a aprova&ccedil;&atilde;o de projetos que provoquem desequil&iacute;brio or&ccedil;ament&aacute;rio ou aumento de gastos&rdquo;, afirmou.<\/p>\n<p style=\"margin-top: 3px; margin-right: 0px; margin-bottom: 10px; margin-left: 0px; padding-top: 0px; padding-right: 0px; padding-bottom: 0px; padding-left: 0px; line-height: 16px; color: rgb(51, 51, 51); font-family: Arial, Helvetica, sans-serif; \">\n\t<strong style=\"margin-top: 0px; margin-right: 0px; margin-bottom: 0px; margin-left: 0px; padding-top: 0px; padding-right: 0px; padding-bottom: 0px; padding-left: 0px; \">Gest&atilde;o<\/strong><\/p>\n<p style=\"margin-top: 3px; margin-right: 0px; margin-bottom: 10px; margin-left: 0px; padding-top: 0px; padding-right: 0px; padding-bottom: 0px; padding-left: 0px; line-height: 16px; color: rgb(51, 51, 51); font-family: Arial, Helvetica, sans-serif; \">\n\tA ministra da Secretaria de Rela&ccedil;&otilde;es Institucionais, Ideli Salvatti, acrescentou que a presidenta Dilma discutiu com o conselho pol&iacute;tico a ado&ccedil;&atilde;o de um sistema de monitoramento dos principais programas do governo.<\/p>\n<p style=\"margin-top: 3px; margin-right: 0px; margin-bottom: 10px; margin-left: 0px; padding-top: 0px; padding-right: 0px; padding-bottom: 0px; padding-left: 0px; line-height: 16px; color: rgb(51, 51, 51); font-family: Arial, Helvetica, sans-serif; \">\n\tO objetivo &eacute; aperfei&ccedil;oar a gest&atilde;o e aumentar qualidade dos servi&ccedil;os prestados &agrave; popula&ccedil;&atilde;o.<\/p>\n<p style=\"margin-top: 3px; margin-right: 0px; margin-bottom: 10px; margin-left: 0px; padding-top: 0px; padding-right: 0px; padding-bottom: 0px; padding-left: 0px; line-height: 16px; color: rgb(51, 51, 51); font-family: Arial, Helvetica, sans-serif; \">\n\t&ldquo;&Eacute; uma determina&ccedil;&atilde;o da presidenta implementar esse monitoramento em todas as &aacute;reas&rdquo;, disse Ideli.<\/p>\n<p style=\"margin-top: 3px; margin-right: 0px; margin-bottom: 10px; margin-left: 0px; padding-top: 0px; padding-right: 0px; padding-bottom: 0px; padding-left: 0px; line-height: 16px; color: rgb(51, 51, 51); font-family: Arial, Helvetica, sans-serif; \">\n\t<a href=\"http:\/\/www.pt.org.br\/noticias\/view\/blog.planalto.gov.br\" style=\"margin-top: 0px; margin-right: 0px; margin-bottom: 0px; margin-left: 0px; padding-top: 0px; padding-right: 0px; padding-bottom: 0px; padding-left: 0px; text-decoration: none; color: rgb(102, 102, 102); \">Blog do Planalto<\/a><\/p>\n","protected":false},"excerpt":{"rendered":"<p>O ministro da Fazenda, Guido Mantega, disse, nesta ter\u00e7a-feira (14), que o governo federal vai expandir os investimentos para que a economia tenha um crescimento de 4,5% em 2012. Ap\u00f3s reuni\u00e3o do conselho pol\u00edtico, no Pal\u00e1cio do Planalto, ele afirmou que o Programa de Acelera\u00e7\u00e3o do Crescimento (PAC) e o Minha Casa, Minha Vida ser\u00e3o ampliados, assim como os investimentos no Brasil sem Mis\u00e9ria e no Bolsa Fam\u00edlia para garantir a expans\u00e3o do mercado interno.<\/p>\n","protected":false},"author":1,"featured_media":25899,"comment_status":"open","ping_status":"open","sticky":false,"template":"","format":"standard","meta":{"footnotes":""},"categories":[1],"tags":[5678,368,1684,272,5677,117],"class_list":["post-25900","post","type-post","status-publish","format-standard","has-post-thumbnail","hentry","category-noticias-zeca-dirceu","tag-conselho-politico","tag-economia","tag-governo-federal","tag-investimentos","tag-ministro-guido-mantega","tag-pt"],"_links":{"self":[{"href":"https:\/\/teste.bsb.br\/zeca\/wp-json\/wp\/v2\/posts\/25900","targetHints":{"allow":["GET"]}}],"collection":[{"href":"https:\/\/teste.bsb.br\/zeca\/wp-json\/wp\/v2\/posts"}],"about":[{"href":"https:\/\/teste.bsb.br\/zeca\/wp-json\/wp\/v2\/types\/post"}],"author":[{"embeddable":true,"href":"https:\/\/teste.bsb.br\/zeca\/wp-json\/wp\/v2\/users\/1"}],"replies":[{"embeddable":true,"href":"https:\/\/teste.bsb.br\/zeca\/wp-json\/wp\/v2\/comments?post=25900"}],"version-history":[{"count":0,"href":"https:\/\/teste.bsb.br\/zeca\/wp-json\/wp\/v2\/posts\/25900\/revisions"}],"wp:featuredmedia":[{"embeddable":true,"href":"https:\/\/teste.bsb.br\/zeca\/wp-json\/wp\/v2\/media\/25899"}],"wp:attachment":[{"href":"https:\/\/teste.bsb.br\/zeca\/wp-json\/wp\/v2\/media?parent=25900"}],"wp:term":[{"taxonomy":"category","embeddable":true,"href":"https:\/\/teste.bsb.br\/zeca\/wp-json\/wp\/v2\/categories?post=25900"},{"taxonomy":"post_tag","embeddable":true,"href":"https:\/\/teste.bsb.br\/zeca\/wp-json\/wp\/v2\/tags?post=25900"}],"curies":[{"name":"wp","href":"https:\/\/api.w.org\/{rel}","templated":true}]}}