{"id":25688,"date":"2012-03-01T00:00:00","date_gmt":"2012-03-01T03:00:00","guid":{"rendered":"https:\/\/www.zecadirceu.com.br\/rogerio-lorenzetti-agradece-a-gleisi-apoio-no-processo-de-liberacao-de-recursos-do-pac-2-2\/"},"modified":"2012-03-01T00:00:00","modified_gmt":"2012-03-01T03:00:00","slug":"rogerio-lorenzetti-agradece-a-gleisi-apoio-no-processo-de-liberacao-de-recursos-do-pac-2-2","status":"publish","type":"post","link":"https:\/\/teste.bsb.br\/zeca\/rogerio-lorenzetti-agradece-a-gleisi-apoio-no-processo-de-liberacao-de-recursos-do-pac-2-2\/","title":{"rendered":"Rog\u00e9rio Lorenzetti agradece a Gleisi apoio no processo de libera\u00e7\u00e3o de recursos do PAC 2"},"content":{"rendered":"<p>Nesta ter&ccedil;a-feira, 28, o prefeito Rog&eacute;rio Lorenzetti foi recebido, em Bras&iacute;lia, pela ministra-chefe da Casa Civil, Gleisi Hoffmann, e pelo seu chefe de gabinete, Carlos Carboni. Durante a audi&ecirc;ncia, que durou mais de uma hora e foi agendada pelo gabinete do deputado federal Zeca Dirceu, que tamb&eacute;m participou do encontro, Lorenzetti tratou de diversos assuntos do interesse do munic&iacute;pio, entre eles o PAC 2 (segunda edi&ccedil;&atilde;o do Programa de Aceleracao do Crescimento), que ir&aacute; aportar mais de 30 milh&otilde;es em Paranava&iacute;.<\/p>\n<p>Na oportunidade, o prefeito entregou a ministra um of&iacute;cio agradecendo o seu apoio no processo de libera&ccedil;&atilde;o do recurso e a aten&ccedil;&atilde;o que o Governo Federal tem tido com Paranava&iacute; e solicitando que transmita a presidente Dilma rousseff os agradecimentos do povo de Paranava&iacute; pela continuidade do PAC, um programa que, segundo ele, ser&aacute; um marco na historia da cidade. A ministra, que &eacute; paranaense, se disse feliz ao saber que todo o processo burocr&aacute;tico j&aacute; foi completo com &ecirc;xito e que a obra, quando conclu&iacute;da, ir&aacute; beneficiar, diretamente, pelo menos 20 mil pessoas que vivem na periferia.<\/p>\n<p>O administrador municipal tamb&eacute;m aproveitou o encontro para entregar uma c&oacute;pia do estatuto do Cons&oacute;rcio Intermunicipal Caiu&aacute; &ndash; Ambiental (Cica) para conhecimento da Casa Civil. A entidade, constitu&iacute;da recentemente, tem como objetivo buscar solu&ccedil;&otilde;es para os problemas comuns que atingem os munic&iacute;pios participantes, de forma especial nas &aacute;reas ambiental e de infraestrutura. Sendo assim, Rog&eacute;rio deve encaminhar nos pr&oacute;ximos meses, via minist&eacute;rio, solicita&ccedil;&atilde;o de recurso para as &aacute;reas atendidas pelo consorcio.<\/p>\n<p>A cria&ccedil;&atilde;o do Cons&oacute;rcio foi tema de uma das audi&ecirc;ncias anteriores entre Lorenzetti e Carboni. Naquela ocasi&atilde;o, o chefe de gabinete informou que o Governo Federal estimula estas iniciativas, j&aacute; que os cons&oacute;rcios s&atilde;o considerados pela legisla&ccedil;&atilde;o uma unidade federativa. Desta forma, o governo pode contemplar mais de um munic&iacute;pio com o mesmo benef&iacute;cio.<\/p>\n<p>Uma das boas not&iacute;cias recebida por Lorenzetti durante a audi&ecirc;ncia foi dada pelo pr&oacute;prio Carboni, que comunicou que o Governo vai liberar, em breve, aproximadamente R$ 400 milh&otilde;es para o pagamento dos conv&ecirc;nios firmados entre munic&iacute;pios e Uni&atilde;o.&nbsp; Como Paranava&iacute; tem v&aacute;rios conv&ecirc;nios firmados com o Governo Federal, a expectativa &eacute; que o munic&iacute;pio seja um dos contemplados pela libera&ccedil;&atilde;o do recurso, que deve beneficiar primeiramente o Minist&eacute;rio do Turismo, de onde saem os recursos para a constru&ccedil;&atilde;o do Centro de Eventos. Al&eacute;m deste, o munic&iacute;pio ainda aguarda a libera&ccedil;&atilde;o de recurso para os conv&ecirc;nios que prev&ecirc;em a constru&ccedil;&atilde;o de quadras esportivas, amplia&ccedil;&atilde;o do centro odontol&oacute;gico e obras de drenagem e pavimenta&ccedil;&atilde;o por toda a cidade.<\/p>\n<p>Por fim, Lorenzetti ainda aproveitou o encontro para reafirmar o convite feito pela Sociedade Rural para que a ministra participe da abertura da 41 edi&ccedil;&atilde;o da ExpoParanavai,&nbsp; que vai acontecer entre os dias 9 e 18 de mar&ccedil;o, e aproveite para visitar as obras do PAC 2,&nbsp; cuja as ordens de servi&ccedil;o ser&atilde;o assinadas nos pr&oacute;ximos dias 3 e 4 de mar&ccedil;o, contando, inclusive, com a presen&ccedil;a do deputado Zeca Dirceu, que j&aacute; confirmou a sua presen&ccedil;a na cerim&ocirc;nia.<\/p>\n","protected":false},"excerpt":{"rendered":"<p>Nesta ter\u00e7a-feira, 28, o prefeito Rog\u00e9rio Lorenzetti foi recebido, em Bras\u00edlia, pela ministra-chefe da Casa Civil, Gleisi Hoffmann, e pelo seu chefe de gabinete, Carlos Carboni. Durante a audi\u00eancia, que durou mais de uma hora e foi agendada pelo gabinete do deputado federal Zeca Dirceu, que tamb\u00e9m participou do encontro, Lorenzetti tratou de diversos assuntos do interesse do munic\u00edpio, entre eles o PAC 2 (segunda edi\u00e7\u00e3o do Programa de Aceleracao do Crescimento), que ir\u00e1 aportar mais de 30 milh\u00f5es em Paranava\u00ed.<\/p>\n","protected":false},"author":1,"featured_media":25687,"comment_status":"open","ping_status":"open","sticky":false,"template":"","format":"standard","meta":{"footnotes":""},"categories":[1],"tags":[5570],"class_list":["post-25688","post","type-post","status-publish","format-standard","has-post-thumbnail","hentry","category-noticias-zeca-dirceu","tag-recursos-pac-2"],"_links":{"self":[{"href":"https:\/\/teste.bsb.br\/zeca\/wp-json\/wp\/v2\/posts\/25688","targetHints":{"allow":["GET"]}}],"collection":[{"href":"https:\/\/teste.bsb.br\/zeca\/wp-json\/wp\/v2\/posts"}],"about":[{"href":"https:\/\/teste.bsb.br\/zeca\/wp-json\/wp\/v2\/types\/post"}],"author":[{"embeddable":true,"href":"https:\/\/teste.bsb.br\/zeca\/wp-json\/wp\/v2\/users\/1"}],"replies":[{"embeddable":true,"href":"https:\/\/teste.bsb.br\/zeca\/wp-json\/wp\/v2\/comments?post=25688"}],"version-history":[{"count":0,"href":"https:\/\/teste.bsb.br\/zeca\/wp-json\/wp\/v2\/posts\/25688\/revisions"}],"wp:featuredmedia":[{"embeddable":true,"href":"https:\/\/teste.bsb.br\/zeca\/wp-json\/wp\/v2\/media\/25687"}],"wp:attachment":[{"href":"https:\/\/teste.bsb.br\/zeca\/wp-json\/wp\/v2\/media?parent=25688"}],"wp:term":[{"taxonomy":"category","embeddable":true,"href":"https:\/\/teste.bsb.br\/zeca\/wp-json\/wp\/v2\/categories?post=25688"},{"taxonomy":"post_tag","embeddable":true,"href":"https:\/\/teste.bsb.br\/zeca\/wp-json\/wp\/v2\/tags?post=25688"}],"curies":[{"name":"wp","href":"https:\/\/api.w.org\/{rel}","templated":true}]}}