{"id":25670,"date":"2012-03-02T00:00:00","date_gmt":"2012-03-02T03:00:00","guid":{"rendered":"https:\/\/www.zecadirceu.com.br\/no-congresso-nacional-valtinho-agradece-relator-do-orcamento-por-emenda-popular\/"},"modified":"2012-03-02T00:00:00","modified_gmt":"2012-03-02T03:00:00","slug":"no-congresso-nacional-valtinho-agradece-relator-do-orcamento-por-emenda-popular","status":"publish","type":"post","link":"https:\/\/teste.bsb.br\/zeca\/no-congresso-nacional-valtinho-agradece-relator-do-orcamento-por-emenda-popular\/","title":{"rendered":"No Congresso Nacional, Valtinho agradece relator do Or\u00e7amento por Emenda Popular"},"content":{"rendered":"<p>&nbsp;&nbsp;&nbsp;&nbsp;&nbsp;&nbsp;&nbsp;&nbsp;&nbsp; Em passagem pelo Congresso Nacional, nesta semana, o prefeito Valtinho Rocha e o deputado federal Zeca Dirceu (PT-PR) tiveram a oportunidade de conversar com o&nbsp;&nbsp; deputado Arlindo Chinaglia (PT-SP) e com o deputado federal Angelo Vanhoni (PT-PR). Chinaglia &eacute; o relator da Lei Or&ccedil;ament&aacute;ria de 2012 e figura crucial na aprova&ccedil;&atilde;o das Emendas de Iniciativa Popular.<\/p>\n<p>&nbsp;&nbsp;&nbsp;&nbsp;&nbsp;&nbsp;&nbsp; Na ocasi&atilde;o, o prefeito agradeceu ao relator pela oportunidade dada &agrave; popula&ccedil;&atilde;o de escolher como parte do or&ccedil;amento federal ser&aacute; gasto na &aacute;rea da sa&uacute;de. Em Cruzeiro do Oeste, ser&atilde;o investidos R$ 600 mil em saneamento b&aacute;sico e tratamento de esgoto. &ldquo;Foi uma honra poder falar diretamente com o relator da lei or&ccedil;ament&aacute;ria e agradec&ecirc;-lo pessoalmente pela inclus&atilde;o das Emendas de Iniciativa Popular. Foi uma novidade na lei do or&ccedil;amento e que ir&aacute; beneficiar e dar autonomia &agrave; popula&ccedil;&atilde;o de Cruzeiro do Oeste e de todo o Brasil. Investir em saneamento &eacute; investir em sa&uacute;de&rdquo;, comemorou o prefeito.<\/p>\n<p>&nbsp;&nbsp;&nbsp;&nbsp;&nbsp;&nbsp;&nbsp; O deputado Zeca Dirceu lembrou que foram os parlamentares da bancada petista no Congresso Nacional quem idealizaram as Emendas Populares. &ldquo;A bancada do PT trabalhou desde o in&iacute;cio para emplacar o relator do or&ccedil;amento de 2012 e, assim, incluir na lei or&ccedil;ament&aacute;ria deste ano as emendas de iniciativa popular&rdquo;, declarou o parlamentar. &ldquo;&Eacute; uma vit&oacute;ria da democracia participativa&rdquo;, concluiu Zeca.<\/p>\n","protected":false},"excerpt":{"rendered":"<p>Em passagem pelo Congresso Nacional, nesta semana, o prefeito Valtinho Rocha e o deputado federal Zeca Dirceu (PT-PR) tiveram a oportunidade de conversar com o deputado Arlindo Chinaglia (PT-SP) e com o deputado federal Angelo Vanhoni (PT-PR). Chinaglia \u00e9 o relator da Lei Or\u00e7ament\u00e1ria de 2012 e figura crucial na aprova\u00e7\u00e3o das Emendas de Iniciativa Popular.<\/p>\n","protected":false},"author":1,"featured_media":25669,"comment_status":"open","ping_status":"open","sticky":false,"template":"","format":"standard","meta":{"footnotes":""},"categories":[1],"tags":[5560],"class_list":["post-25670","post","type-post","status-publish","format-standard","has-post-thumbnail","hentry","category-noticias-zeca-dirceu","tag-emenda-parlamentar-orcamento-federal"],"_links":{"self":[{"href":"https:\/\/teste.bsb.br\/zeca\/wp-json\/wp\/v2\/posts\/25670","targetHints":{"allow":["GET"]}}],"collection":[{"href":"https:\/\/teste.bsb.br\/zeca\/wp-json\/wp\/v2\/posts"}],"about":[{"href":"https:\/\/teste.bsb.br\/zeca\/wp-json\/wp\/v2\/types\/post"}],"author":[{"embeddable":true,"href":"https:\/\/teste.bsb.br\/zeca\/wp-json\/wp\/v2\/users\/1"}],"replies":[{"embeddable":true,"href":"https:\/\/teste.bsb.br\/zeca\/wp-json\/wp\/v2\/comments?post=25670"}],"version-history":[{"count":0,"href":"https:\/\/teste.bsb.br\/zeca\/wp-json\/wp\/v2\/posts\/25670\/revisions"}],"wp:featuredmedia":[{"embeddable":true,"href":"https:\/\/teste.bsb.br\/zeca\/wp-json\/wp\/v2\/media\/25669"}],"wp:attachment":[{"href":"https:\/\/teste.bsb.br\/zeca\/wp-json\/wp\/v2\/media?parent=25670"}],"wp:term":[{"taxonomy":"category","embeddable":true,"href":"https:\/\/teste.bsb.br\/zeca\/wp-json\/wp\/v2\/categories?post=25670"},{"taxonomy":"post_tag","embeddable":true,"href":"https:\/\/teste.bsb.br\/zeca\/wp-json\/wp\/v2\/tags?post=25670"}],"curies":[{"name":"wp","href":"https:\/\/api.w.org\/{rel}","templated":true}]}}