{"id":25666,"date":"2012-03-02T00:00:00","date_gmt":"2012-03-02T03:00:00","guid":{"rendered":"https:\/\/www.zecadirceu.com.br\/eldon-busca-apoio-do-ministro-da-ciencia-e-tecnologia-para-ampliar-a-inclusao-digital\/"},"modified":"2012-03-02T00:00:00","modified_gmt":"2012-03-02T03:00:00","slug":"eldon-busca-apoio-do-ministro-da-ciencia-e-tecnologia-para-ampliar-a-inclusao-digital","status":"publish","type":"post","link":"https:\/\/teste.bsb.br\/zeca\/eldon-busca-apoio-do-ministro-da-ciencia-e-tecnologia-para-ampliar-a-inclusao-digital\/","title":{"rendered":"Eldon busca apoio do Ministro da Ci\u00eancia e Tecnologia para ampliar a inclus\u00e3o digital"},"content":{"rendered":"<p>&nbsp;&nbsp;&nbsp;&nbsp;&nbsp;&nbsp;&nbsp;&nbsp;&nbsp;&nbsp;&nbsp; Em passagem por Bras&iacute;lia, nesta semana, o prefeito de Vera Cruz do Oeste, Eldon Anschau, participou de audi&ecirc;ncia com o Ministro da Ci&ecirc;ncia e Tecnologia, Marco Antonio Raupp, para se inteirar de procedimentos para implementa&ccedil;&atilde;o de um programa de inclus&atilde;o digital nos munic&iacute;pios do Cons&oacute;rcio Intermunicipal para Desenvolvimento Rural Sustent&aacute;vel da Regi&atilde;o Oeste do Estado do Paran&aacute; (Cidersop). &nbsp;&nbsp;&nbsp;&nbsp;&nbsp;&nbsp;&nbsp;<\/p>\n<p>&nbsp;&nbsp;&nbsp;&nbsp;&nbsp;&nbsp;&nbsp;&nbsp;&nbsp;&nbsp;&nbsp; O deputado federal Zeca Dirceu (PT-PR), que viabilizou o encontro, tamb&eacute;m esteve presente e se colocou &agrave; disposi&ccedil;&atilde;o para acompanhar, junto ao minist&eacute;rio, o processo de execu&ccedil;&atilde;o de uma nova a&ccedil;&atilde;o de inclus&atilde;o digital voltada ao cons&oacute;rcio. O ministro se comprometeu com o prefeito e com o deputado em buscar uma solu&ccedil;&atilde;o ideal para contemplar os seis munic&iacute;pios do cons&oacute;rcio.<\/p>\n<p>&nbsp;&nbsp;&nbsp;&nbsp;&nbsp;&nbsp;&nbsp;&nbsp;&nbsp;&nbsp;&nbsp; O parlamentar salientou a import&acirc;ncia dos investimentos federais visando a inclus&atilde;o digital e social nos munic&iacute;pios que comp&otilde;em o Cidersop. &ldquo;Os munic&iacute;pios n&atilde;o t&ecirc;m condi&ccedil;&otilde;es de executar a&ccedil;&otilde;es nesta &aacute;rea com recursos pr&oacute;prios. O acesso &agrave; internet, &agrave; tecnologia e &agrave; informa&ccedil;&atilde;o gera impacto positivo na &aacute;rea educacional e no conhecimento. O Cidersop merece uma a&ccedil;&atilde;o estrat&eacute;gica&ldquo;, ponderou Zeca Dirceu.<\/p>\n<p>&nbsp;&nbsp;&nbsp;&nbsp;&nbsp;&nbsp;&nbsp; &nbsp; &nbsp; <strong>Cidersop<\/strong><br \/>\n&nbsp;&nbsp;&nbsp;&nbsp;&nbsp;&nbsp;&nbsp;&nbsp;&nbsp;&nbsp;&nbsp; Comp&otilde;em o cons&oacute;rcio os munic&iacute;pios de Diamante D&rsquo;Oeste, Ouro Verde do Oeste, Ramil&acirc;ndia, S&atilde;o Jos&eacute; das Palmeiras, S&atilde;o Pedro do Igua&ccedil;u e Vera Cruz do Oeste.<\/p>\n","protected":false},"excerpt":{"rendered":"<p>Em passagem por Bras\u00edlia, nesta semana, o prefeito de Vera Cruz do Oeste, Eldon Anschau, participou de audi\u00eancia com o Ministro da Ci\u00eancia e Tecnologia, Marco Antonio Raupp, para se inteirar de procedimentos para implementa\u00e7\u00e3o de um programa de inclus\u00e3o digital nos munic\u00edpios do Cons\u00f3rcio Intermunicipal para Desenvolvimento Rural Sustent\u00e1vel da Regi\u00e3o Oeste do Estado do Paran\u00e1 (Cidersop).<\/p>\n","protected":false},"author":1,"featured_media":25665,"comment_status":"open","ping_status":"open","sticky":false,"template":"","format":"standard","meta":{"footnotes":""},"categories":[1],"tags":[5558],"class_list":["post-25666","post","type-post","status-publish","format-standard","has-post-thumbnail","hentry","category-noticias-zeca-dirceu","tag-inclusao-digital-cidersop"],"_links":{"self":[{"href":"https:\/\/teste.bsb.br\/zeca\/wp-json\/wp\/v2\/posts\/25666","targetHints":{"allow":["GET"]}}],"collection":[{"href":"https:\/\/teste.bsb.br\/zeca\/wp-json\/wp\/v2\/posts"}],"about":[{"href":"https:\/\/teste.bsb.br\/zeca\/wp-json\/wp\/v2\/types\/post"}],"author":[{"embeddable":true,"href":"https:\/\/teste.bsb.br\/zeca\/wp-json\/wp\/v2\/users\/1"}],"replies":[{"embeddable":true,"href":"https:\/\/teste.bsb.br\/zeca\/wp-json\/wp\/v2\/comments?post=25666"}],"version-history":[{"count":0,"href":"https:\/\/teste.bsb.br\/zeca\/wp-json\/wp\/v2\/posts\/25666\/revisions"}],"wp:featuredmedia":[{"embeddable":true,"href":"https:\/\/teste.bsb.br\/zeca\/wp-json\/wp\/v2\/media\/25665"}],"wp:attachment":[{"href":"https:\/\/teste.bsb.br\/zeca\/wp-json\/wp\/v2\/media?parent=25666"}],"wp:term":[{"taxonomy":"category","embeddable":true,"href":"https:\/\/teste.bsb.br\/zeca\/wp-json\/wp\/v2\/categories?post=25666"},{"taxonomy":"post_tag","embeddable":true,"href":"https:\/\/teste.bsb.br\/zeca\/wp-json\/wp\/v2\/tags?post=25666"}],"curies":[{"name":"wp","href":"https:\/\/api.w.org\/{rel}","templated":true}]}}