{"id":25620,"date":"2012-03-08T00:00:00","date_gmt":"2012-03-08T03:00:00","guid":{"rendered":"https:\/\/www.zecadirceu.com.br\/mais-uma-corrente-do-pt-aprova-aliancas-na-disputa-a-prefeitura-de-curitiba\/"},"modified":"2012-03-08T00:00:00","modified_gmt":"2012-03-08T03:00:00","slug":"mais-uma-corrente-do-pt-aprova-aliancas-na-disputa-a-prefeitura-de-curitiba","status":"publish","type":"post","link":"https:\/\/teste.bsb.br\/zeca\/mais-uma-corrente-do-pt-aprova-aliancas-na-disputa-a-prefeitura-de-curitiba\/","title":{"rendered":"Mais uma corrente do PT aprova alian\u00e7as na disputa \u00e0 prefeitura de Curitiba"},"content":{"rendered":"<p>Mais uma corrente interna do Partido dos Trabalhadores em Curitiba, o Movimento PT, aderiu &agrave; tese da composi&ccedil;&atilde;o de alian&ccedil;as fortes com partidos da base de apoio ao governo da presidenta Dilma Rousseff para a disputa &agrave; Prefeitura de Curitiba nas elei&ccedil;&otilde;es deste ano. Depois da CNB &ndash; Construindo um Novo Brasil -, agora, &eacute; a vez do &ldquo;Movimento PT&rdquo; lan&ccedil;ar manifesto de filiados do partido que se declaram favor&aacute;veis &ldquo;&agrave; constru&ccedil;&atilde;o de candidatura majorit&aacute;ria atrav&eacute;s de alian&ccedil;as&rdquo;. A corrente tem como express&atilde;o nacional a ministra dos Direitos Humanos, Maria do Ros&aacute;rio, e &eacute; representada no estado pelo deputado federal Assis do Couto, que concorreu &agrave; presid&ecirc;ncia do diret&oacute;rio do PT paranaense em 2008.<\/p>\n<p>\nNo manifesto do &ldquo;Movimento PT&rdquo;, os filiados citam uma s&eacute;rie de considera&ccedil;&otilde;es que refor&ccedil;am o compromisso da corrente com o projeto nacional do Partido dos Trabalhadores e com as estrat&eacute;gias estaduais que visam atingir as metas propostas para o desenvolvimento do pa&iacute;s e fortalecimento da legenda. Tamb&eacute;m apontam diretrizes para um plano de governo que d&ecirc; conta de resolver o que consideram os principais gargalos da administra&ccedil;&atilde;o municipal e sobre estas propostas &eacute; que os integrantes do &ldquo;Movimento PT&rdquo; pretendem estabelecer alian&ccedil;as program&aacute;ticas.<\/p>\n<p>\nEles n&atilde;o abrem m&atilde;o de participar da defini&ccedil;&atilde;o de um plano de governo que contemple os temas da habita&ccedil;&atilde;o de interesse social em Curitiba, da cria&ccedil;&atilde;o de uma rede de prote&ccedil;&atilde;o social integral, de pol&iacute;ticas que&nbsp; assegurem a valoriza&ccedil;&atilde;o dos servidores p&uacute;blicos e de se imprimir uma nova din&acirc;mica &agrave; pol&iacute;tica p&uacute;blica de sa&uacute;de, mobilidade, saneamento b&aacute;sico, ilumina&ccedil;&atilde;o p&uacute;blica, trabalho, emprego e economia solid&aacute;ria. Defendem que numa eventual composi&ccedil;&atilde;o com candidato a prefeito de outro partido o vice seja do PT.<\/p>\n<p>\nO &ldquo;Movimento PT&rdquo; participar&aacute; da chapa&nbsp; que est&aacute; sendo formada por integrantes da CNB e que defender&aacute; a tese das alian&ccedil;as na elei&ccedil;&atilde;o de delegados ao encontro municipal do PT de Curitiba. O prazo para a inscri&ccedil;&atilde;o das chapas &eacute; de 19 a 31 de mar&ccedil;o, a elei&ccedil;&atilde;o direta dos delegados acontecer&aacute; em 15 de abril e o encontro municipal petista, nos dias 27 e 28 de abril.<\/p>\n<p>\nRelease: Thea Tavares<\/p>\n","protected":false},"excerpt":{"rendered":"<p>Mais uma corrente interna do Partido dos Trabalhadores em Curitiba, o Movimento PT, aderiu \u00e0 tese da composi\u00e7\u00e3o de alian\u00e7as fortes com partidos da base de apoio ao governo da presidenta Dilma Rousseff para a disputa \u00e0 Prefeitura de Curitiba nas elei\u00e7\u00f5es deste ano.<\/p>\n","protected":false},"author":1,"featured_media":25619,"comment_status":"open","ping_status":"open","sticky":false,"template":"","format":"standard","meta":{"footnotes":""},"categories":[1],"tags":[5542,62,117],"class_list":["post-25620","post","type-post","status-publish","format-standard","has-post-thumbnail","hentry","category-noticias-zeca-dirceu","tag-aliancas","tag-curitiba","tag-pt"],"_links":{"self":[{"href":"https:\/\/teste.bsb.br\/zeca\/wp-json\/wp\/v2\/posts\/25620","targetHints":{"allow":["GET"]}}],"collection":[{"href":"https:\/\/teste.bsb.br\/zeca\/wp-json\/wp\/v2\/posts"}],"about":[{"href":"https:\/\/teste.bsb.br\/zeca\/wp-json\/wp\/v2\/types\/post"}],"author":[{"embeddable":true,"href":"https:\/\/teste.bsb.br\/zeca\/wp-json\/wp\/v2\/users\/1"}],"replies":[{"embeddable":true,"href":"https:\/\/teste.bsb.br\/zeca\/wp-json\/wp\/v2\/comments?post=25620"}],"version-history":[{"count":0,"href":"https:\/\/teste.bsb.br\/zeca\/wp-json\/wp\/v2\/posts\/25620\/revisions"}],"wp:featuredmedia":[{"embeddable":true,"href":"https:\/\/teste.bsb.br\/zeca\/wp-json\/wp\/v2\/media\/25619"}],"wp:attachment":[{"href":"https:\/\/teste.bsb.br\/zeca\/wp-json\/wp\/v2\/media?parent=25620"}],"wp:term":[{"taxonomy":"category","embeddable":true,"href":"https:\/\/teste.bsb.br\/zeca\/wp-json\/wp\/v2\/categories?post=25620"},{"taxonomy":"post_tag","embeddable":true,"href":"https:\/\/teste.bsb.br\/zeca\/wp-json\/wp\/v2\/tags?post=25620"}],"curies":[{"name":"wp","href":"https:\/\/api.w.org\/{rel}","templated":true}]}}