{"id":25612,"date":"2012-03-09T00:00:00","date_gmt":"2012-03-09T03:00:00","guid":{"rendered":"https:\/\/www.zecadirceu.com.br\/gleisi-visitara-o-noroeste-do-parana-no-final-de-marco\/"},"modified":"2012-03-09T00:00:00","modified_gmt":"2012-03-09T03:00:00","slug":"gleisi-visitara-o-noroeste-do-parana-no-final-de-marco","status":"publish","type":"post","link":"https:\/\/teste.bsb.br\/zeca\/gleisi-visitara-o-noroeste-do-parana-no-final-de-marco\/","title":{"rendered":"Gleisi visitar\u00e1 o Noroeste do Paran\u00e1 no final de mar\u00e7o"},"content":{"rendered":"<p>&nbsp;&nbsp;&nbsp;&nbsp;&nbsp; A Ministra Chefe da Casa Civil, Gleisi Hoffman, estar&aacute; na regi&atilde;o Noroeste do Paran&aacute; no pr&oacute;ximo dia 31 de mar&ccedil;o para participar de semin&aacute;rio pol&iacute;tico e inaugura&ccedil;&otilde;es. O convite &agrave; ministra partiu do deputado federal Zeca Dirceu (PT-PR) e os munic&iacute;pios visitados ser&atilde;o Cianorte e Umuarama.<\/p>\n<p>&nbsp;&nbsp;&nbsp;&nbsp;&nbsp;&nbsp;&nbsp; Em Cianorte, Gleisi participar&aacute; da inaugura&ccedil;&atilde;o de 484 casas populares do programa &ldquo;Minha Casa, Minha Vida&rdquo; do governo federal. As unidades ter&atilde;o entre 40 e 60 metros quadrados de &aacute;rea e formar&atilde;o um novo conjunto habitacional que se chamar&aacute; Residencial Aquiles C&ocirc;mar. O novo conjunto ser&aacute; dividido em 29 quadras, composto por 18 vias p&uacute;blicas e uma &aacute;rea verde de mais de 14 mil metros quadrados. No total, foram investidos R$ 21 milh&otilde;es no empreendimento.<\/p>\n<p>&nbsp;&nbsp;&nbsp;&nbsp;&nbsp;&nbsp;&nbsp; O deputado Zeca Dirceu ressaltou a import&acirc;ncia da atua&ccedil;&atilde;o da ministra em defesa dos interesses do Paran&aacute;. &ldquo;Em audi&ecirc;ncia com Gleisi nesta semana, fiz quest&atilde;o de agradecer os esfor&ccedil;os dela para que o Paran&aacute; e o Brasil continuem melhorando no social e avan&ccedil;ando no desenvolvimento econ&ocirc;mico e gera&ccedil;&atilde;o de empregos&rdquo;, declarou o parlamentar.<br \/>\n&nbsp;&nbsp;&nbsp;&nbsp;&nbsp;&nbsp;&nbsp; No munic&iacute;pio de Umuarama, a ministra participar&aacute; de semin&aacute;rio organizado pelo Partido dos Trabalhadores e se reunir&aacute; com dirigentes partid&aacute;rios de todos os partidos da base aliada do governo. &ldquo;Na ocasi&atilde;o, ser&aacute; feito um grande balan&ccedil;o dos avan&ccedil;os que o Brasil tem tido e dos desafios para este ano de 2012&rdquo;, explicou o deputado Zeca Dirceu.<\/p>\n<p>\nMila Ferreira<br \/>\nASCOM Zeca Dirceu<\/p>\n","protected":false},"excerpt":{"rendered":"<p>A Ministra Chefe da Casa Civil, Gleisi Hoffman, estar\u00e1 na regi\u00e3o Noroeste do Paran\u00e1 no pr\u00f3ximo dia 31 de mar\u00e7o para participar de semin\u00e1rio pol\u00edtico e inaugura\u00e7\u00f5es. O convite \u00e0 ministra partiu do deputado federal Zeca Dirceu (PT-PR) e os munic\u00edpios visitados ser\u00e3o Cianorte e Umuarama.<\/p>\n","protected":false},"author":1,"featured_media":25611,"comment_status":"open","ping_status":"open","sticky":false,"template":"","format":"standard","meta":{"footnotes":""},"categories":[1],"tags":[1046,86],"class_list":["post-25612","post","type-post","status-publish","format-standard","has-post-thumbnail","hentry","category-noticias-zeca-dirceu","tag-gleisi","tag-parana"],"_links":{"self":[{"href":"https:\/\/teste.bsb.br\/zeca\/wp-json\/wp\/v2\/posts\/25612","targetHints":{"allow":["GET"]}}],"collection":[{"href":"https:\/\/teste.bsb.br\/zeca\/wp-json\/wp\/v2\/posts"}],"about":[{"href":"https:\/\/teste.bsb.br\/zeca\/wp-json\/wp\/v2\/types\/post"}],"author":[{"embeddable":true,"href":"https:\/\/teste.bsb.br\/zeca\/wp-json\/wp\/v2\/users\/1"}],"replies":[{"embeddable":true,"href":"https:\/\/teste.bsb.br\/zeca\/wp-json\/wp\/v2\/comments?post=25612"}],"version-history":[{"count":0,"href":"https:\/\/teste.bsb.br\/zeca\/wp-json\/wp\/v2\/posts\/25612\/revisions"}],"wp:featuredmedia":[{"embeddable":true,"href":"https:\/\/teste.bsb.br\/zeca\/wp-json\/wp\/v2\/media\/25611"}],"wp:attachment":[{"href":"https:\/\/teste.bsb.br\/zeca\/wp-json\/wp\/v2\/media?parent=25612"}],"wp:term":[{"taxonomy":"category","embeddable":true,"href":"https:\/\/teste.bsb.br\/zeca\/wp-json\/wp\/v2\/categories?post=25612"},{"taxonomy":"post_tag","embeddable":true,"href":"https:\/\/teste.bsb.br\/zeca\/wp-json\/wp\/v2\/tags?post=25612"}],"curies":[{"name":"wp","href":"https:\/\/api.w.org\/{rel}","templated":true}]}}