{"id":25608,"date":"2012-03-09T00:00:00","date_gmt":"2012-03-09T03:00:00","guid":{"rendered":"https:\/\/www.zecadirceu.com.br\/terceira-festa-porco-fogo-de-chao-eu-vou-voce-vai\/"},"modified":"2012-03-09T00:00:00","modified_gmt":"2012-03-09T03:00:00","slug":"terceira-festa-porco-fogo-de-chao-eu-vou-voce-vai","status":"publish","type":"post","link":"https:\/\/teste.bsb.br\/zeca\/terceira-festa-porco-fogo-de-chao-eu-vou-voce-vai\/","title":{"rendered":"Terceira Festa Porco Fogo de Ch\u00e3o: eu vou, voc\u00ea vai?"},"content":{"rendered":"<p>No dia 15 de abril, estarei presente na Associa&ccedil;&atilde;o de Pais e Amigos Excepcionais de Cruzeiro do Oeste (APAE) para participar da 3&ordf; Festa Porco Fogo de Ch&atilde;o, no Centro de Eventos Jaime Canet J&uacute;nior, no Parque de Exposi&ccedil;&otilde;es. O evento tem o objetivo prosseguir com as reformas do pr&eacute;dio, telhado e pintura da sede no munic&iacute;pio.<\/p>\n<p>Ser&aacute; uma grande satisfa&ccedil;&atilde;o prestigiar esse momento com os amigos da APAE, pois a arrecada&ccedil;&atilde;o trar&aacute; melhorias e qualidade no trabalho desenvolvido pela entidade. Convido a todos da regi&atilde;o, prefeitos, vereadores e amigos a participarem dessa bela festa e a conhecerem o sucesso das a&ccedil;&otilde;es direcionadas aos excepcionais. Vamos todos colaborar com essa nobre causa, espero voc&ecirc;s l&aacute;!<\/p>\n","protected":false},"excerpt":{"rendered":"<p>No dia 15 de abril, estarei presente na Associa\u00e7\u00e3o de Pais e Amigos Excepcionais de Cruzeiro do Oeste (APAE) para participar da 3\u00aa Festa Porco Fogo de Ch\u00e3o, no Centro de Eventos Jaime Canet J\u00fanior, no Parque de Exposi\u00e7\u00f5es. O evento tem o objetivo prosseguir com as reformas do pr\u00e9dio, telhado e pintura da sede no munic\u00edpio.<\/p>\n","protected":false},"author":1,"featured_media":25607,"comment_status":"open","ping_status":"open","sticky":false,"template":"","format":"standard","meta":{"footnotes":""},"categories":[1],"tags":[5541],"class_list":["post-25608","post","type-post","status-publish","format-standard","has-post-thumbnail","hentry","category-noticias-zeca-dirceu","tag-apae-cruzeiro-do-oeste"],"_links":{"self":[{"href":"https:\/\/teste.bsb.br\/zeca\/wp-json\/wp\/v2\/posts\/25608","targetHints":{"allow":["GET"]}}],"collection":[{"href":"https:\/\/teste.bsb.br\/zeca\/wp-json\/wp\/v2\/posts"}],"about":[{"href":"https:\/\/teste.bsb.br\/zeca\/wp-json\/wp\/v2\/types\/post"}],"author":[{"embeddable":true,"href":"https:\/\/teste.bsb.br\/zeca\/wp-json\/wp\/v2\/users\/1"}],"replies":[{"embeddable":true,"href":"https:\/\/teste.bsb.br\/zeca\/wp-json\/wp\/v2\/comments?post=25608"}],"version-history":[{"count":0,"href":"https:\/\/teste.bsb.br\/zeca\/wp-json\/wp\/v2\/posts\/25608\/revisions"}],"wp:featuredmedia":[{"embeddable":true,"href":"https:\/\/teste.bsb.br\/zeca\/wp-json\/wp\/v2\/media\/25607"}],"wp:attachment":[{"href":"https:\/\/teste.bsb.br\/zeca\/wp-json\/wp\/v2\/media?parent=25608"}],"wp:term":[{"taxonomy":"category","embeddable":true,"href":"https:\/\/teste.bsb.br\/zeca\/wp-json\/wp\/v2\/categories?post=25608"},{"taxonomy":"post_tag","embeddable":true,"href":"https:\/\/teste.bsb.br\/zeca\/wp-json\/wp\/v2\/tags?post=25608"}],"curies":[{"name":"wp","href":"https:\/\/api.w.org\/{rel}","templated":true}]}}