{"id":25492,"date":"2012-03-20T00:00:00","date_gmt":"2012-03-20T03:00:00","guid":{"rendered":"https:\/\/www.zecadirceu.com.br\/ministerio-ira-investir-r-170-milhoes-na-assistencia-social\/"},"modified":"2012-03-20T00:00:00","modified_gmt":"2012-03-20T03:00:00","slug":"ministerio-ira-investir-r-170-milhoes-na-assistencia-social","status":"publish","type":"post","link":"https:\/\/teste.bsb.br\/zeca\/ministerio-ira-investir-r-170-milhoes-na-assistencia-social\/","title":{"rendered":"Minist\u00e9rio ir\u00e1 investir R$ 170 milh\u00f5es na assist\u00eancia social"},"content":{"rendered":"<p>O Minist&eacute;rio do Desenvolvimento Social E Combate A Fome &ndash; MDS, investir&aacute; R$ 170 milh&otilde;es, este ano, na gest&atilde;o do Sistema &Uacute;nico de Assist&ecirc;ncia Social (Suas).<br \/>\nPara receber os investimentos, os munic&iacute;pios devem ter alcan&ccedil;ado valor m&iacute;nimo no &Iacute;ndice de Gest&atilde;o Descentralizada do Sistema &Uacute;nico de Assist&ecirc;ncia Social (IGD Suas), que mede a qualidade da gest&atilde;o do sistema em &iacute;ndices que variam entre 0 e 1. Quanto mais pr&oacute;ximo de 01, melhor &eacute; o desempenho dos gestores municipais, estaduais e do Distrito Federal, e maior poder&aacute; ser o recurso recebido. Eles devem alcan&ccedil;ar mais 0,2 para ter direito &agrave; verba. Para receber o recurso deste ano, a m&eacute;dia alcan&ccedil;ada pelos munic&iacute;pios ficou em 0,63 e a dos estados, em 0,62. O &iacute;ndice &eacute; recalculado anualmente, sempre em junho.<\/p>\n<p>&nbsp;O piso para repasse aos munic&iacute;pios &eacute; de R$ 500. Para os estados &eacute; de R$ 10 mil. O teto para os munic&iacute;pios depende da &aacute;rea, da popula&ccedil;&atilde;o no Cadastro &Uacute;nico para Programas Sociais do Governo Federal e do n&uacute;mero de Centros de Refer&ecirc;ncia de Assist&ecirc;ncia Social (Cras) e de Centros Especializados (Creas). O teto para os estados adota como crit&eacute;rios a popula&ccedil;&atilde;o na &uacute;ltima atualiza&ccedil;&atilde;o do Cadastro &Uacute;nico, a &aacute;rea e o n&uacute;mero de munic&iacute;pios por estado, conforme o Censo do Instituto Brasileiro de Geografia e Estat&iacute;stica (IBGE).<\/p>\n<p>Os recursos do IGD Suas podem ser usados para aprimorar a gest&atilde;o do Suas, para a&ccedil;&otilde;es articuladas com o Bolsa Fam&iacute;lia e o Plano Brasil Sem Mis&eacute;ria, capacita&ccedil;&atilde;o de pessoal, fortalecimento do Conselho de Assist&ecirc;ncia Social, implanta&ccedil;&atilde;o da vigil&acirc;ncia socioassistencial, aprimoramento da gest&atilde;o financeira dos fundos de Assist&ecirc;ncia Social e organiza&ccedil;&atilde;o da rede de servi&ccedil;os.<\/p>\n<p>Para obter o recurso federal, &eacute; preciso ter aderido e estar habilitado ao Suas, conforme a Norma Operacional B&aacute;sica do Suas (NOB\/Suas) de 2005. Os gestores devem incluir o recurso do IGD Suas em seus or&ccedil;amentos, fazer o planejamento das a&ccedil;&otilde;es que ser&atilde;o realizadas e ter a aprova&ccedil;&atilde;o dos Conselhos de Assist&ecirc;ncia Social na utiliza&ccedil;&atilde;o da verba.<br \/>\n&Eacute; proibido utilizar o recurso para pagar pessoal efetivo e para gratificar servidores. Os valores podem ser usados em oficinas, capacita&ccedil;&otilde;es, cursos e na compra de material did&aacute;tico, reformas e aquisi&ccedil;&atilde;o de material permanente, computadores e m&oacute;veis para a estrutura&ccedil;&atilde;o de Cras e Creas.<br \/>\nDo total dos recursos, pelo menos 3% devem ser gastos obrigatoriamente no fortalecimento do Conselho de Assist&ecirc;ncia Social, em atividades de apoio t&eacute;cnico e operacional.<br \/>\n&nbsp; &nbsp; &nbsp; &nbsp; &nbsp; &nbsp;&nbsp;<\/p>\n","protected":false},"excerpt":{"rendered":"<p>O Minist\u00e9rio do Desenvolvimento Social E Combate A Fome \u2013 MDS, investir\u00e1 R$ 170 milh\u00f5es, este ano, na gest\u00e3o do Sistema \u00danico de Assist\u00eancia Social (Suas).<br \/>\nPara receber os investimentos, os munic\u00edpios devem ter alcan\u00e7ado valor m\u00ednimo no \u00cdndice de Gest\u00e3o Descentralizada do Sistema \u00danico de Assist\u00eancia Social (IGD Suas), que mede a qualidade da gest\u00e3o do sistema em \u00edndices que variam entre 0 e 1. Quanto mais pr\u00f3ximo de 01, melhor \u00e9 o desempenho dos gestores municipais, estaduais e do Distrito Federal, e maior poder\u00e1 ser o recurso recebido. Eles devem alcan\u00e7ar mais 0,2 para ter direito \u00e0 verba. Para receber o recurso deste ano, a m\u00e9dia alcan\u00e7ada pelos munic\u00edpios ficou em 0,63 e a dos estados, em 0,62. O \u00edndice \u00e9 recalculado anualmente, sempre em junho.<\/p>\n","protected":false},"author":1,"featured_media":25491,"comment_status":"open","ping_status":"open","sticky":false,"template":"","format":"standard","meta":{"footnotes":""},"categories":[1],"tags":[282,1957,465,5501],"class_list":["post-25492","post","type-post","status-publish","format-standard","has-post-thumbnail","hentry","category-noticias-zeca-dirceu","tag-mds","tag-ministerio-do-desenvolvimento-social-e-combate-a-fome","tag-municipios","tag-sistema-unico-de-assistencia-social"],"_links":{"self":[{"href":"https:\/\/teste.bsb.br\/zeca\/wp-json\/wp\/v2\/posts\/25492","targetHints":{"allow":["GET"]}}],"collection":[{"href":"https:\/\/teste.bsb.br\/zeca\/wp-json\/wp\/v2\/posts"}],"about":[{"href":"https:\/\/teste.bsb.br\/zeca\/wp-json\/wp\/v2\/types\/post"}],"author":[{"embeddable":true,"href":"https:\/\/teste.bsb.br\/zeca\/wp-json\/wp\/v2\/users\/1"}],"replies":[{"embeddable":true,"href":"https:\/\/teste.bsb.br\/zeca\/wp-json\/wp\/v2\/comments?post=25492"}],"version-history":[{"count":0,"href":"https:\/\/teste.bsb.br\/zeca\/wp-json\/wp\/v2\/posts\/25492\/revisions"}],"wp:featuredmedia":[{"embeddable":true,"href":"https:\/\/teste.bsb.br\/zeca\/wp-json\/wp\/v2\/media\/25491"}],"wp:attachment":[{"href":"https:\/\/teste.bsb.br\/zeca\/wp-json\/wp\/v2\/media?parent=25492"}],"wp:term":[{"taxonomy":"category","embeddable":true,"href":"https:\/\/teste.bsb.br\/zeca\/wp-json\/wp\/v2\/categories?post=25492"},{"taxonomy":"post_tag","embeddable":true,"href":"https:\/\/teste.bsb.br\/zeca\/wp-json\/wp\/v2\/tags?post=25492"}],"curies":[{"name":"wp","href":"https:\/\/api.w.org\/{rel}","templated":true}]}}