{"id":25470,"date":"2012-03-23T00:00:00","date_gmt":"2012-03-23T03:00:00","guid":{"rendered":"https:\/\/www.zecadirceu.com.br\/chamada-publica-para-construcao-de-centros-de-caes-guia\/"},"modified":"2012-03-23T00:00:00","modified_gmt":"2012-03-23T03:00:00","slug":"chamada-publica-para-construcao-de-centros-de-caes-guia","status":"publish","type":"post","link":"https:\/\/teste.bsb.br\/zeca\/chamada-publica-para-construcao-de-centros-de-caes-guia\/","title":{"rendered":"Chamada p\u00fablica para constru\u00e7\u00e3o de centros de c\u00e3es-guia"},"content":{"rendered":"<p>A chamada p&uacute;blica para o recebimento de propostas para implementa&ccedil;&atilde;o de Centros de Forma&ccedil;&atilde;o de Treinadores e de Instrutores de C&atilde;es-guia foi divulgada nessa quinta-feira (22) pela Secretaria de Direitos Humanos da Presid&ecirc;ncia da Rep&uacute;blica (SDH-PR).<\/p>\n<p>As propostas dever&atilde;o ser enviadas at&eacute; o dia 30 de mar&ccedil;o. Os centros ser&atilde;o implantados no &acirc;mbito dos Institutos Federais de Educa&ccedil;&atilde;o, Ci&ecirc;ncia e Tecnologia. A a&ccedil;&atilde;o faz parte do Plano Nacional dos Direitos da Pessoa com Defici&ecirc;ncia &#8211; Viver Sem Limite, que estabelece no eixo da Acessibilidade a constru&ccedil;&atilde;o de cinco centros de c&atilde;es-guia, sendo um em cada regi&atilde;o do Pa&iacute;s.<\/p>\n<p>O primeiro Centro j&aacute; foi estabelecido no Campus do Instituto Federal Catarinense (IFC), em Balne&aacute;rio Camburi&uacute;, Santa Catarina. As propostas selecionadas contar&atilde;o com apoio t&eacute;cnico e financeiro do Minist&eacute;rio da Educa&ccedil;&atilde;o (MEC) e da SDH-PR para assegurar o adequado funcionamento dos centros a serem implantados.<br \/>\n&nbsp;<br \/>\nSecom<\/p>\n","protected":false},"excerpt":{"rendered":"<p>A chamada p\u00fablica para o recebimento de propostas para implementa\u00e7\u00e3o de Centros de Forma\u00e7\u00e3o de Treinadores e de Instrutores de C\u00e3es-guia foi divulgada nessa quinta-feira (22) pela Secretaria de Direitos Humanos da Presid\u00eancia da Rep\u00fablica (SDH-PR).<\/p>\n","protected":false},"author":1,"featured_media":25469,"comment_status":"open","ping_status":"open","sticky":false,"template":"","format":"standard","meta":{"footnotes":""},"categories":[1],"tags":[5496,5495],"class_list":["post-25470","post","type-post","status-publish","format-standard","has-post-thumbnail","hentry","category-noticias-zeca-dirceu","tag-caes-guia","tag-chamada-publica"],"_links":{"self":[{"href":"https:\/\/teste.bsb.br\/zeca\/wp-json\/wp\/v2\/posts\/25470","targetHints":{"allow":["GET"]}}],"collection":[{"href":"https:\/\/teste.bsb.br\/zeca\/wp-json\/wp\/v2\/posts"}],"about":[{"href":"https:\/\/teste.bsb.br\/zeca\/wp-json\/wp\/v2\/types\/post"}],"author":[{"embeddable":true,"href":"https:\/\/teste.bsb.br\/zeca\/wp-json\/wp\/v2\/users\/1"}],"replies":[{"embeddable":true,"href":"https:\/\/teste.bsb.br\/zeca\/wp-json\/wp\/v2\/comments?post=25470"}],"version-history":[{"count":0,"href":"https:\/\/teste.bsb.br\/zeca\/wp-json\/wp\/v2\/posts\/25470\/revisions"}],"wp:featuredmedia":[{"embeddable":true,"href":"https:\/\/teste.bsb.br\/zeca\/wp-json\/wp\/v2\/media\/25469"}],"wp:attachment":[{"href":"https:\/\/teste.bsb.br\/zeca\/wp-json\/wp\/v2\/media?parent=25470"}],"wp:term":[{"taxonomy":"category","embeddable":true,"href":"https:\/\/teste.bsb.br\/zeca\/wp-json\/wp\/v2\/categories?post=25470"},{"taxonomy":"post_tag","embeddable":true,"href":"https:\/\/teste.bsb.br\/zeca\/wp-json\/wp\/v2\/tags?post=25470"}],"curies":[{"name":"wp","href":"https:\/\/api.w.org\/{rel}","templated":true}]}}