{"id":25408,"date":"2012-03-28T00:00:00","date_gmt":"2012-03-28T03:00:00","guid":{"rendered":"https:\/\/www.zecadirceu.com.br\/acordo-define-votacao-da-lei-geral-da-copa-para-hoje\/"},"modified":"2012-03-28T00:00:00","modified_gmt":"2012-03-28T03:00:00","slug":"acordo-define-votacao-da-lei-geral-da-copa-para-hoje","status":"publish","type":"post","link":"https:\/\/teste.bsb.br\/zeca\/acordo-define-votacao-da-lei-geral-da-copa-para-hoje\/","title":{"rendered":"Acordo define vota\u00e7\u00e3o da Lei Geral da Copa para hoje"},"content":{"rendered":"<p>Os l&iacute;deres partid&aacute;rios na C&acirc;mara fecharam ontem (27) um acordo negociado pelo presidente da Casa, Marco Maia (PT-RS), que est&aacute; no exerc&iacute;cio da Presid&ecirc;ncia da Rep&uacute;blica at&eacute; amanh&atilde; (28), e que viabiliza a aprecia&ccedil;&atilde;o nesta quarta-feira (28), pelo plen&aacute;rio da C&acirc;mara, da proposta da Lei Geral da Copa (PL 2330\/11).<\/p>\n<p>O projeto prev&ecirc; regras para a realiza&ccedil;&atilde;o da Copa do Mundo de 2014 no Brasil e ser&aacute; votado em sess&atilde;o extraordin&aacute;ria. Pelo acordo fechado entre os l&iacute;deres, a vota&ccedil;&atilde;o do C&oacute;digo Florestal (PL 1876\/99) dever&aacute; acontecer no m&ecirc;s de abril<\/p>\n<p>Fonte: Portal do PT na C&acirc;mara<\/p>\n","protected":false},"excerpt":{"rendered":"<p>Os l\u00edderes partid\u00e1rios na C\u00e2mara fecharam ontem (27) um acordo negociado pelo presidente da Casa, Marco Maia (PT-RS), que est\u00e1 no exerc\u00edcio da Presid\u00eancia da Rep\u00fablica at\u00e9 amanh\u00e3 (28), e que viabiliza a aprecia\u00e7\u00e3o nesta quarta-feira (28), pelo plen\u00e1rio da C\u00e2mara, da proposta da Lei Geral da Copa (PL 2330\/11).<\/p>\n","protected":false},"author":1,"featured_media":25407,"comment_status":"open","ping_status":"open","sticky":false,"template":"","format":"standard","meta":{"footnotes":""},"categories":[1],"tags":[348,411,1127],"class_list":["post-25408","post","type-post","status-publish","format-standard","has-post-thumbnail","hentry","category-noticias-zeca-dirceu","tag-camara","tag-copa","tag-votacao"],"_links":{"self":[{"href":"https:\/\/teste.bsb.br\/zeca\/wp-json\/wp\/v2\/posts\/25408","targetHints":{"allow":["GET"]}}],"collection":[{"href":"https:\/\/teste.bsb.br\/zeca\/wp-json\/wp\/v2\/posts"}],"about":[{"href":"https:\/\/teste.bsb.br\/zeca\/wp-json\/wp\/v2\/types\/post"}],"author":[{"embeddable":true,"href":"https:\/\/teste.bsb.br\/zeca\/wp-json\/wp\/v2\/users\/1"}],"replies":[{"embeddable":true,"href":"https:\/\/teste.bsb.br\/zeca\/wp-json\/wp\/v2\/comments?post=25408"}],"version-history":[{"count":0,"href":"https:\/\/teste.bsb.br\/zeca\/wp-json\/wp\/v2\/posts\/25408\/revisions"}],"wp:featuredmedia":[{"embeddable":true,"href":"https:\/\/teste.bsb.br\/zeca\/wp-json\/wp\/v2\/media\/25407"}],"wp:attachment":[{"href":"https:\/\/teste.bsb.br\/zeca\/wp-json\/wp\/v2\/media?parent=25408"}],"wp:term":[{"taxonomy":"category","embeddable":true,"href":"https:\/\/teste.bsb.br\/zeca\/wp-json\/wp\/v2\/categories?post=25408"},{"taxonomy":"post_tag","embeddable":true,"href":"https:\/\/teste.bsb.br\/zeca\/wp-json\/wp\/v2\/tags?post=25408"}],"curies":[{"name":"wp","href":"https:\/\/api.w.org\/{rel}","templated":true}]}}