{"id":25398,"date":"2012-03-29T00:00:00","date_gmt":"2012-03-29T03:00:00","guid":{"rendered":"https:\/\/www.zecadirceu.com.br\/como-as-pessoas-percebem-curitiba\/"},"modified":"2012-03-29T00:00:00","modified_gmt":"2012-03-29T03:00:00","slug":"como-as-pessoas-percebem-curitiba","status":"publish","type":"post","link":"https:\/\/teste.bsb.br\/zeca\/como-as-pessoas-percebem-curitiba\/","title":{"rendered":"Como as pessoas percebem Curitiba?"},"content":{"rendered":"<p>Trezentos e dezenove anos, 434 quil&ocirc;metros quadrados, 75 bairros com quase um 1,8 milh&atilde;o de habitantes. A maior cidade do Sul do Brasil tem diversos monumentos hist&oacute;ricos e modernos de onde &eacute; poss&iacute;vel v&ecirc;-la em variados &acirc;ngulos. Cada pessoa tem um ponto de vista diferente, de acordo com a profiss&atilde;o, caracter&iacute;sticas pessoais ou com o lugar onde est&aacute;. &Eacute; o caso dos cinco personagens que aceitaram nos contar, no especial de Curitiba, sobre como eles enxergam e percebem a capital paranaense.<br \/>\n&nbsp;<br \/>\nPrivil&eacute;gio de cen&aacute;rio a partir da caixa d&rsquo;&aacute;gua<br \/>\n&nbsp;<br \/>\nPassar a noite no local de trabalho pode parecer entediante quando falta distra&ccedil;&atilde;o. Para os funcion&aacute;rios do Reservat&oacute;rio Cajuru, entretanto, esse tipo de escala de trabalho rende boas hist&oacute;rias. Isso porque, no local, est&aacute; a famosa caixa d&rsquo;&aacute;gua do bairro Alto da XV, um dos pontos de Curitiba com a melhor vista da cidade e da regi&atilde;o metropolitana. Inclu&iacute;da no projeto para ser um dos quatro reservat&oacute;rios de abastecimento de &aacute;gua da capital na metade do s&eacute;culo 20, a caixa d&rsquo;&aacute;gua tem 26 metros de altura. A constru&ccedil;&atilde;o dela foi finalizada na d&eacute;cada de 1940.<br \/>\n&nbsp;<br \/>\nA vista privilegiada &eacute; um prato cheio para o funcion&aacute;rio da Sanepar e ge&oacute;grafo Ceslau Elias Makovski, 42 anos. H&aacute; 17 anos ele trabalha no local e n&atilde;o esconde a paix&atilde;o profissional e pessoal de subir no alto da caixa d&rsquo;&aacute;gua e admirar a vista, em especial o contraste que ela pode causar. &ldquo;De um lado (vista de Pinhais) vemos a Serra do Mar preservada e, do outro (Centro de Curitiba), um pared&atilde;o de concreto. Em minhas aulas, quando eu podia trazer os alunos aqui, mostrava os pontos da cidade e explicava por que ela foi constru&iacute;da dessa maneira&rdquo;, comenta.<br \/>\n&nbsp;<br \/>\nUrbanismo<br \/>\n&nbsp;<br \/>\nMakovski se refere ao pla&shy;&shy;&shy;&shy;no urban&iacute;stico da cidade, o Plano Agache, idealizado pe&shy;&shy;&shy;&shy;lo arquiteto e urbanista franc&ecirc;s Alfredo Agache. Executado no in&iacute;cio da d&eacute;cada de 1940, o projeto orientou o poder p&uacute;blico at&eacute; 1958 e deixou marcas vis&iacute;veis. A constru&ccedil;&atilde;o de grandes edif&iacute;cios na cidade segue, at&eacute; hoje, parte dos moldes do plano, com pr&eacute;dios em torno das principais avenidas que ligam o Centro aos bairros, como a Rep&uacute;blica Argentina e Jo&atilde;o Gualberto.<br \/>\n&nbsp;<br \/>\nFilmagens<br \/>\n&nbsp;<br \/>\nCom quase duas d&eacute;cadas de trabalho no local, Makovski j&aacute; viu novela ser filmada nos arredores da caixa d&rsquo;&aacute;gua, acidentes de tr&acirc;nsito e confus&otilde;es, em especial no r&eacute;veillon. O lugar fica lotado de pessoas que conseguem subir l&aacute;, no dia 31 de dezembro, &agrave; espera da virada do ano. Essas pessoas s&atilde;o privilegiadas, pois s&oacute; sobem a convite. &ldquo;Alguns at&eacute; tentam entrar no terreno do reservat&oacute;rio para ir &agrave; caixa d&rsquo;&aacute;gua e ver os fogos&rdquo;, conta. Por quest&atilde;o de seguran&ccedil;a, o local n&atilde;o &eacute; aberto &agrave; visita&ccedil;&atilde;o e os funcion&aacute;rios impedem as pessoas de atravessarem o port&atilde;o. &ldquo;A vista &eacute; s&oacute; nossa&rdquo;, brinca.<\/p>\n<p>RODRIGO BATISTA, ESPECIAL PARA A GAZETA DO POVO<br \/>\n&nbsp;<\/p>\n","protected":false},"excerpt":{"rendered":"<p>O Jornal Gazeta do Povo traz uma mat\u00e9ria especial sobre a capital do Paran\u00e1, que hoje, 29, comemora seus 319 anos. A reportagem descreve sensa\u00e7\u00f5es, conta hist\u00f3rias, relembra fatos.<\/p>\n","protected":false},"author":1,"featured_media":25397,"comment_status":"open","ping_status":"open","sticky":false,"template":"","format":"standard","meta":{"footnotes":""},"categories":[1],"tags":[143,5479,86],"class_list":["post-25398","post","type-post","status-publish","format-standard","has-post-thumbnail","hentry","category-noticias-zeca-dirceu","tag-aniversario","tag-curitiba-319-anos","tag-parana"],"_links":{"self":[{"href":"https:\/\/teste.bsb.br\/zeca\/wp-json\/wp\/v2\/posts\/25398","targetHints":{"allow":["GET"]}}],"collection":[{"href":"https:\/\/teste.bsb.br\/zeca\/wp-json\/wp\/v2\/posts"}],"about":[{"href":"https:\/\/teste.bsb.br\/zeca\/wp-json\/wp\/v2\/types\/post"}],"author":[{"embeddable":true,"href":"https:\/\/teste.bsb.br\/zeca\/wp-json\/wp\/v2\/users\/1"}],"replies":[{"embeddable":true,"href":"https:\/\/teste.bsb.br\/zeca\/wp-json\/wp\/v2\/comments?post=25398"}],"version-history":[{"count":0,"href":"https:\/\/teste.bsb.br\/zeca\/wp-json\/wp\/v2\/posts\/25398\/revisions"}],"wp:featuredmedia":[{"embeddable":true,"href":"https:\/\/teste.bsb.br\/zeca\/wp-json\/wp\/v2\/media\/25397"}],"wp:attachment":[{"href":"https:\/\/teste.bsb.br\/zeca\/wp-json\/wp\/v2\/media?parent=25398"}],"wp:term":[{"taxonomy":"category","embeddable":true,"href":"https:\/\/teste.bsb.br\/zeca\/wp-json\/wp\/v2\/categories?post=25398"},{"taxonomy":"post_tag","embeddable":true,"href":"https:\/\/teste.bsb.br\/zeca\/wp-json\/wp\/v2\/tags?post=25398"}],"curies":[{"name":"wp","href":"https:\/\/api.w.org\/{rel}","templated":true}]}}