{"id":25366,"date":"2012-04-01T00:00:00","date_gmt":"2012-04-01T03:00:00","guid":{"rendered":"https:\/\/www.zecadirceu.com.br\/gleisi-apoia-aeroporto-regional-em-umuarama\/"},"modified":"2012-04-01T00:00:00","modified_gmt":"2012-04-01T03:00:00","slug":"gleisi-apoia-aeroporto-regional-em-umuarama","status":"publish","type":"post","link":"https:\/\/teste.bsb.br\/zeca\/gleisi-apoia-aeroporto-regional-em-umuarama\/","title":{"rendered":"Gleisi apoia Aeroporto Regional em Umuarama"},"content":{"rendered":"<p>&nbsp;A ministra-chefe da Casa Civil, Gleisi Hoffmann, disse ontem que o aeroporto de Umuarama deve se transformar em Aeroporto Regional assim que entrar em opera&ccedil;&atilde;o o Plano Regional da Avia&ccedil;&atilde;o Nacional. A ministra veio a Umuarama na manh&atilde; de ontem para participar de um semin&aacute;rio de capacita&ccedil;&atilde;o dos pr&eacute;-candidatos a prefeito, vice e vereadores do PT nas elei&ccedil;&otilde;es deste ano.<\/p>\n<p>O evento, promovido pelo mandato do deputado federal Zeca Dirceu, reuniu no Teatro Neiva Pavan, da Unipar, mais de uma centena de prefeitos, vices, vereadores e prov&aacute;veis candidatos do partido nas elei&ccedil;&otilde;es deste ano. Durante todo o dia eles assistiram a diversas palestras com especialistas na quest&atilde;o eleitoral.<br \/>\nSegundo a ministra, a regi&atilde;o requer um investimento maior no aeroporto, para fazer frente aos investimentos que v&ecirc;m sendo conduzidos pela iniciativa privada na expans&atilde;o dos neg&oacute;cios em diversos setores. &ldquo;N&oacute;s estamos discutindo o Plano Regional da Avia&ccedil;&atilde;o Nacional, depois da concess&atilde;o dos grandes aeroportos n&oacute;s vamos discutir como ajudar a avia&ccedil;&atilde;o regional, e o aeroporto de Umuarama tem tudo para entrar neste plano e ser um dos aeroportos regionais do Estado com investimento federal&rdquo;, disse Gleisi.<\/p>\n<p>A ministra da Casa Civil destacou ainda os investimentos do Governo Federal em toda a regi&atilde;o. &ldquo;Temos o programa Minha Casa Minha Vida, as creches e unidades de sa&uacute;de que est&atilde;o sendo constru&iacute;das em dezenas de cidades, as institui&ccedil;&otilde;es federais de ensino tecnol&oacute;gico, enfim, um conjunto de a&ccedil;&otilde;es que estamos desenvolvendo e queremos aprofundar, para dar cada vez mais condi&ccedil;&otilde;es de desenvolvimento para o Noroeste do Paran&aacute;&rdquo;, concluiu.<br \/>\nParticiparam do encontro com Gleisi os deputados federais Zeca Dirceu, anfitri&atilde;o, e Osmar Serraglio; os deputados estaduais Fernando Scanavaca, Elton Welter, Professor Lemos e Jonas Guimar&atilde;es; o prefeito de Umuarama, Moacir Silva; o prefeito de Perobal e presidente da Amerios, Almir de Almeida; o vice-reitor da Unipar, Carlos Eduardo Garcia; o presidente do PT de Umuarama, F&aacute;bio Padilha; e dezenas de prefeitos. Vice-prefeitos e vereadores de toda a regi&atilde;o.<\/p>\n<p>Umurama Ilustrado<\/p>\n","protected":false},"excerpt":{"rendered":"<p>A ministra-chefe da Casa Civil, Gleisi Hoffmann, disse ontem que o aeroporto de Umuarama deve se transformar em Aeroporto Regional assim que entrar em opera\u00e7\u00e3o o Plano Regional da Avia\u00e7\u00e3o Nacional. A ministra veio a Umuarama na manh\u00e3 de ontem para participar de um semin\u00e1rio de capacita\u00e7\u00e3o dos pr\u00e9-candidatos a prefeito, vice e vereadores do PT nas elei\u00e7\u00f5es deste ano.<\/p>\n","protected":false},"author":1,"featured_media":25365,"comment_status":"open","ping_status":"open","sticky":false,"template":"","format":"standard","meta":{"footnotes":""},"categories":[1],"tags":[5470,5471,5472,2102],"class_list":["post-25366","post","type-post","status-publish","format-standard","has-post-thumbnail","hentry","category-noticias-zeca-dirceu","tag-aeroporto-de-umuarama","tag-aeroporto-regional","tag-encontro-pt","tag-gleisi-hoffmann"],"_links":{"self":[{"href":"https:\/\/teste.bsb.br\/zeca\/wp-json\/wp\/v2\/posts\/25366","targetHints":{"allow":["GET"]}}],"collection":[{"href":"https:\/\/teste.bsb.br\/zeca\/wp-json\/wp\/v2\/posts"}],"about":[{"href":"https:\/\/teste.bsb.br\/zeca\/wp-json\/wp\/v2\/types\/post"}],"author":[{"embeddable":true,"href":"https:\/\/teste.bsb.br\/zeca\/wp-json\/wp\/v2\/users\/1"}],"replies":[{"embeddable":true,"href":"https:\/\/teste.bsb.br\/zeca\/wp-json\/wp\/v2\/comments?post=25366"}],"version-history":[{"count":0,"href":"https:\/\/teste.bsb.br\/zeca\/wp-json\/wp\/v2\/posts\/25366\/revisions"}],"wp:featuredmedia":[{"embeddable":true,"href":"https:\/\/teste.bsb.br\/zeca\/wp-json\/wp\/v2\/media\/25365"}],"wp:attachment":[{"href":"https:\/\/teste.bsb.br\/zeca\/wp-json\/wp\/v2\/media?parent=25366"}],"wp:term":[{"taxonomy":"category","embeddable":true,"href":"https:\/\/teste.bsb.br\/zeca\/wp-json\/wp\/v2\/categories?post=25366"},{"taxonomy":"post_tag","embeddable":true,"href":"https:\/\/teste.bsb.br\/zeca\/wp-json\/wp\/v2\/tags?post=25366"}],"curies":[{"name":"wp","href":"https:\/\/api.w.org\/{rel}","templated":true}]}}