{"id":25184,"date":"2012-04-19T00:00:00","date_gmt":"2012-04-19T03:00:00","guid":{"rendered":"https:\/\/www.zecadirceu.com.br\/orgaos-de-saude-precisam-se-organizar-para-conseguir-setor-oncologico-diz-zeca-dirceu\/"},"modified":"2012-04-19T00:00:00","modified_gmt":"2012-04-19T03:00:00","slug":"orgaos-de-saude-precisam-se-organizar-para-conseguir-setor-oncologico-diz-zeca-dirceu","status":"publish","type":"post","link":"https:\/\/teste.bsb.br\/zeca\/orgaos-de-saude-precisam-se-organizar-para-conseguir-setor-oncologico-diz-zeca-dirceu\/","title":{"rendered":"\u00d3rg\u00e3os de sa\u00fade precisam se organizar para conseguir setor oncol\u00f3gico, diz Zeca Dirceu"},"content":{"rendered":"<p>Procurado pelo Di&aacute;rio do Noroeste, o deputado federal Zeca Dirceu, declarado parceiro da administra&ccedil;&atilde;o municipal e parlamentar de maior vota&ccedil;&atilde;o em Paranava&iacute; nas &uacute;ltimas elei&ccedil;&otilde;es, afirmou que a vinda de uma unidade de tratamento oncol&oacute;gico depende do esfor&ccedil;o de todos os &oacute;rg&atilde;os ligados &agrave; sa&uacute;de.<br \/>\n&nbsp;<br \/>\nA declara&ccedil;&atilde;o foi feita ap&oacute;s o an&uacute;ncio da libera&ccedil;&atilde;o de R$ 505 milh&otilde;es, feito pelo Minist&eacute;rio da Sa&uacute;de (MS), para investimentos em hospitais para pacientes com c&acirc;ncer em todo o pa&iacute;s. Na avalia&ccedil;&atilde;o de Zeca Dirceu, o esfor&ccedil;o conjunto &eacute; fundamental para que Paranava&iacute; obtenha sucesso.<br \/>\n&nbsp;<br \/>\nEle defendeu que a Secretaria Municipal de Sa&uacute;de, os profissionais da &aacute;rea, a Santa Casa, a 14&ordf; Regional de Sa&uacute;de, hospitais e o Conselho Municipal de Sa&uacute;de precisam avaliar as exig&ecirc;ncias t&eacute;cnicas apresentadas pelo MS. Se houver condi&ccedil;&otilde;es de atend&ecirc;-las, informar o Governo sobre a capacidade do munic&iacute;pio. &ldquo;Tudo com base em crit&eacute;rios t&eacute;cnicos&rdquo;, refor&ccedil;ou.<br \/>\n&nbsp;<br \/>\nA interven&ccedil;&atilde;o pol&iacute;tica, disse o deputado federal, &eacute; importante nesta reivindica&ccedil;&atilde;o, mas n&atilde;o &eacute; a principal ferramenta de que o munic&iacute;pio deve dispor. &ldquo;Tenho conversado com o Governo Federal e apresentado o pedido de Paranava&iacute; e regi&atilde;o, mas h&aacute; outras etapas que precisam ser cumpridas&rdquo;, reiterou.<br \/>\n&nbsp;<br \/>\nPara Zeca Dirceu, a mobiliza&ccedil;&atilde;o popular tamb&eacute;m tem grande peso neste processo. Ele citou o esfor&ccedil;o de volunt&aacute;rios que est&atilde;o em contato direto com a comunidade para levantar o n&uacute;mero real de pacientes v&iacute;timas de c&acirc;ncer em Paranava&iacute; e munic&iacute;pios de toda a regi&atilde;o.<br \/>\n&nbsp;<br \/>\nDe acordo com o deputado federal, o ministro da Sa&uacute;de, Alexandre Padilha, sinalizou favoravelmente aos investimentos no Paran&aacute;, por isso, disse Zeca Dirceu, &ldquo;vou continuar trabalhando para mostrar a car&ecirc;ncia da regi&atilde;o no setor oncol&oacute;gico&rdquo;.<br \/>\n&nbsp;<br \/>\nDi&aacute;rio do Noroeste<\/p>\n","protected":false},"excerpt":{"rendered":"<p>Procurado pelo Di\u00e1rio do Noroeste, o deputado federal Zeca Dirceu, declarado parceiro da administra\u00e7\u00e3o municipal e parlamentar de maior vota\u00e7\u00e3o em Paranava\u00ed nas \u00faltimas elei\u00e7\u00f5es, afirmou que a vinda de uma unidade de tratamento oncol\u00f3gico depende do esfor\u00e7o de todos os \u00f3rg\u00e3os ligados \u00e0 sa\u00fade.<\/p>\n","protected":false},"author":1,"featured_media":25183,"comment_status":"open","ping_status":"open","sticky":false,"template":"","format":"standard","meta":{"footnotes":""},"categories":[1],"tags":[183,6,5417],"class_list":["post-25184","post","type-post","status-publish","format-standard","has-post-thumbnail","hentry","category-noticias-zeca-dirceu","tag-paranavai","tag-saude","tag-setor-oncologico"],"_links":{"self":[{"href":"https:\/\/teste.bsb.br\/zeca\/wp-json\/wp\/v2\/posts\/25184","targetHints":{"allow":["GET"]}}],"collection":[{"href":"https:\/\/teste.bsb.br\/zeca\/wp-json\/wp\/v2\/posts"}],"about":[{"href":"https:\/\/teste.bsb.br\/zeca\/wp-json\/wp\/v2\/types\/post"}],"author":[{"embeddable":true,"href":"https:\/\/teste.bsb.br\/zeca\/wp-json\/wp\/v2\/users\/1"}],"replies":[{"embeddable":true,"href":"https:\/\/teste.bsb.br\/zeca\/wp-json\/wp\/v2\/comments?post=25184"}],"version-history":[{"count":0,"href":"https:\/\/teste.bsb.br\/zeca\/wp-json\/wp\/v2\/posts\/25184\/revisions"}],"wp:featuredmedia":[{"embeddable":true,"href":"https:\/\/teste.bsb.br\/zeca\/wp-json\/wp\/v2\/media\/25183"}],"wp:attachment":[{"href":"https:\/\/teste.bsb.br\/zeca\/wp-json\/wp\/v2\/media?parent=25184"}],"wp:term":[{"taxonomy":"category","embeddable":true,"href":"https:\/\/teste.bsb.br\/zeca\/wp-json\/wp\/v2\/categories?post=25184"},{"taxonomy":"post_tag","embeddable":true,"href":"https:\/\/teste.bsb.br\/zeca\/wp-json\/wp\/v2\/tags?post=25184"}],"curies":[{"name":"wp","href":"https:\/\/api.w.org\/{rel}","templated":true}]}}